{"id":18874,"date":"2025-04-14T15:06:10","date_gmt":"2025-04-14T21:06:10","guid":{"rendered":"https:\/\/zonalimitrofe-cbnr.com\/?p=18874"},"modified":"2025-04-14T15:06:10","modified_gmt":"2025-04-14T21:06:10","slug":"gp-toma-protesta-el-nuevo-director-de-servicios-publicos-municipales-en-gomez-palacio","status":"publish","type":"post","link":"https:\/\/zonalimitrofe-cbnr.com\/index.php\/2025\/04\/14\/gp-toma-protesta-el-nuevo-director-de-servicios-publicos-municipales-en-gomez-palacio\/","title":{"rendered":"#GP. Toma protesta el nuevo director de Servicios P\u00fablicos Municipales en G\u00f3mez Palacio*"},"content":{"rendered":"\n<p>El Secretario del Ayuntamiento, Vicente Reyes Sol\u00eds, en representaci\u00f3n de la Presidenta Municipal Leticia Herrera Ale, tom\u00f3 protesta a Mario Silva Sol\u00eds como nuevo director de Servicios P\u00fablicos Municipales de G\u00f3mez Palacio.<\/p>\n\n\n\n<p>Silva Sol\u00eds asumi\u00f3 el cargo tras la renuncia de Fernando D\u00edaz Femath por motivos personales. Al tomar las riendas de la dependencia, el nuevo titular recibi\u00f3 la instrucci\u00f3n de reforzar las labores del \u00e1rea y ponerlas al servicio de las familias gomezpalatinas.<\/p>\n\n\n\n<p>En su intervenci\u00f3n, el reci\u00e9n nombrado director de Servicios P\u00fablicos, Mario Silva Sol\u00eds, expres\u00f3 su compromiso de cumplir con las instrucciones de la Presidenta Municipal y trabajar con dedicaci\u00f3n para el beneficio de toda la comunidad.<\/p>\n\n\n\n<p>Este cambio en la direcci\u00f3n refuerza \u00e1reas estrat\u00e9gicas del municipio, particularmente la de Servicios P\u00fablicos Municipales, encargada de realizar importantes mejoras en los espacios p\u00fablicos tanto en el \u00e1rea urbana como rural, con el fin de seguir brindando un entorno m\u00e1s limpio y ordenado para los ciudadanos.<\/p>\n\n\n\n<p>Al asumir su cargo, se comprometi\u00f3 a cumplir con la encomienda dada por la de mejorar la calidad de vida de los gomezpalatinos.<\/p>\n","protected":false},"excerpt":{"rendered":"<p>El Secretario del Ayuntamiento, Vicente Reyes Sol\u00eds, en representaci\u00f3n de la Presidenta Municipal Leticia Herrera Ale, tom\u00f3 protesta a Mario Silva Sol\u00eds como nuevo director de Servicios P\u00fablicos Municipales de G\u00f3mez Palacio. Silva Sol\u00eds asumi\u00f3 el cargo tras la renuncia de Fernando D\u00edaz Femath por motivos personales. Al tomar las riendas de la dependencia, el [&hellip;]<\/p>\n","protected":false},"author":1,"featured_media":18875,"comment_status":"open","ping_status":"open","sticky":false,"template":"","format":"standard","meta":{"_monsterinsights_skip_tracking":false,"_monsterinsights_sitenote_active":false,"_monsterinsights_sitenote_note":"","_monsterinsights_sitenote_category":0,"footnotes":""},"categories":[1],"tags":[],"_links":{"self":[{"href":"https:\/\/zonalimitrofe-cbnr.com\/index.php\/wp-json\/wp\/v2\/posts\/18874"}],"collection":[{"href":"https:\/\/zonalimitrofe-cbnr.com\/index.php\/wp-json\/wp\/v2\/posts"}],"about":[{"href":"https:\/\/zonalimitrofe-cbnr.com\/index.php\/wp-json\/wp\/v2\/types\/post"}],"author":[{"embeddable":true,"href":"https:\/\/zonalimitrofe-cbnr.com\/index.php\/wp-json\/wp\/v2\/users\/1"}],"replies":[{"embeddable":true,"href":"https:\/\/zonalimitrofe-cbnr.com\/index.php\/wp-json\/wp\/v2\/comments?post=18874"}],"version-history":[{"count":1,"href":"https:\/\/zonalimitrofe-cbnr.com\/index.php\/wp-json\/wp\/v2\/posts\/18874\/revisions"}],"predecessor-version":[{"id":18876,"href":"https:\/\/zonalimitrofe-cbnr.com\/index.php\/wp-json\/wp\/v2\/posts\/18874\/revisions\/18876"}],"wp:featuredmedia":[{"embeddable":true,"href":"https:\/\/zonalimitrofe-cbnr.com\/index.php\/wp-json\/wp\/v2\/media\/18875"}],"wp:attachment":[{"href":"https:\/\/zonalimitrofe-cbnr.com\/index.php\/wp-json\/wp\/v2\/media?parent=18874"}],"wp:term":[{"taxonomy":"category","embeddable":true,"href":"https:\/\/zonalimitrofe-cbnr.com\/index.php\/wp-json\/wp\/v2\/categories?post=18874"},{"taxonomy":"post_tag","embeddable":true,"href":"https:\/\/zonalimitrofe-cbnr.com\/index.php\/wp-json\/wp\/v2\/tags?post=18874"}],"curies":[{"name":"wp","href":"https:\/\/api.w.org\/{rel}","templated":true}]}}