{"id":18820,"date":"2025-04-13T14:05:21","date_gmt":"2025-04-13T20:05:21","guid":{"rendered":"https:\/\/zonalimitrofe-cbnr.com\/?p=18820"},"modified":"2025-04-13T14:06:24","modified_gmt":"2025-04-13T20:06:24","slug":"torreon-ajustaran-frecuencia-en-rutas-de-transporte-publico-por-periodo-vacacional-de-semana-santa","status":"publish","type":"post","link":"https:\/\/zonalimitrofe-cbnr.com\/index.php\/2025\/04\/13\/torreon-ajustaran-frecuencia-en-rutas-de-transporte-publico-por-periodo-vacacional-de-semana-santa\/","title":{"rendered":"#Torre\u00f3n. Ajustar\u00e1n frecuencia en rutas de transporte p\u00fablico por periodo vacacional de Semana Santa"},"content":{"rendered":"\n<p><strong>Torre\u00f3n, Coahuila. A 13 de abril de 2025.-<\/strong> Con motivo del periodo vacacional de Semana Santa, la Direcci\u00f3n de Transporte P\u00fablico Municipal, inform\u00f3 que a partir del pr\u00f3ximo lunes se ajustar\u00e1n los horarios del servicio de las rutas urbanas, pues disminuye la demanda de movilidad en la ciudad. C\u00e9sar Alvarado Mendoza, director de la dependencia, explic\u00f3 que esta medida obedece principalmente a la baja en la movilidad escolar que se presenta en estas fechas. En consecuencia, se implementar\u00e1n ajustes en la frecuencia del paso de las unidades, sin que esto represente una afectaci\u00f3n para quienes utilizan el transporte p\u00fablico para acudir a sus centros de trabajo u otras actividades. El funcionario indic\u00f3 que se realizar\u00e1 una evaluaci\u00f3n de la demanda en las 28 rutas que estar\u00e1n operando durante el periodo vacacional, pues el objetivo es establecer un esquema que garantice el servicio a la ciudadan\u00eda, adaptado a las necesidades de movilidad durante estos d\u00edas. Asimismo, se\u00f1al\u00f3 que la direcci\u00f3n estar\u00e1 llevando a cabo inspecciones para asegurar que las unidades cumplan con las condiciones adecuadas de operaci\u00f3n, y que se respeten los horarios y las rutas establecidas, as\u00ed como para verificar que cumplan con las normas de seguridad. Por otro lado, Alvarado Mendoza mencion\u00f3 que esta temporada vacacional es aprovechada por los concesionarios del transporte p\u00fablico para someter a mantenimiento preventivo o correctivo aquellas unidades que no estar\u00e1n en circulaci\u00f3n, con la finalidad de mejorar su rendimiento y prolongar su vida \u00fatil. El director reiter\u00f3 que el compromiso de la Administraci\u00f3n Municipal y la indicaci\u00f3n del alcalde Rom\u00e1n Alberto Cepeda Gonz\u00e1lez, de garantizar un buen servicio de transporte a la ciudadan\u00eda y vigilar que se brinde de manera segura.<\/p>\n","protected":false},"excerpt":{"rendered":"<p>Torre\u00f3n, Coahuila. A 13 de abril de 2025.- Con motivo del periodo vacacional de Semana Santa, la Direcci\u00f3n de Transporte P\u00fablico Municipal, inform\u00f3 que a partir del pr\u00f3ximo lunes se ajustar\u00e1n los horarios del servicio de las rutas urbanas, pues disminuye la demanda de movilidad en la ciudad. C\u00e9sar Alvarado Mendoza, director de la dependencia, [&hellip;]<\/p>\n","protected":false},"author":1,"featured_media":18823,"comment_status":"open","ping_status":"open","sticky":false,"template":"","format":"standard","meta":{"_monsterinsights_skip_tracking":false,"_monsterinsights_sitenote_active":false,"_monsterinsights_sitenote_note":"","_monsterinsights_sitenote_category":0,"footnotes":""},"categories":[1],"tags":[],"_links":{"self":[{"href":"https:\/\/zonalimitrofe-cbnr.com\/index.php\/wp-json\/wp\/v2\/posts\/18820"}],"collection":[{"href":"https:\/\/zonalimitrofe-cbnr.com\/index.php\/wp-json\/wp\/v2\/posts"}],"about":[{"href":"https:\/\/zonalimitrofe-cbnr.com\/index.php\/wp-json\/wp\/v2\/types\/post"}],"author":[{"embeddable":true,"href":"https:\/\/zonalimitrofe-cbnr.com\/index.php\/wp-json\/wp\/v2\/users\/1"}],"replies":[{"embeddable":true,"href":"https:\/\/zonalimitrofe-cbnr.com\/index.php\/wp-json\/wp\/v2\/comments?post=18820"}],"version-history":[{"count":1,"href":"https:\/\/zonalimitrofe-cbnr.com\/index.php\/wp-json\/wp\/v2\/posts\/18820\/revisions"}],"predecessor-version":[{"id":18822,"href":"https:\/\/zonalimitrofe-cbnr.com\/index.php\/wp-json\/wp\/v2\/posts\/18820\/revisions\/18822"}],"wp:featuredmedia":[{"embeddable":true,"href":"https:\/\/zonalimitrofe-cbnr.com\/index.php\/wp-json\/wp\/v2\/media\/18823"}],"wp:attachment":[{"href":"https:\/\/zonalimitrofe-cbnr.com\/index.php\/wp-json\/wp\/v2\/media?parent=18820"}],"wp:term":[{"taxonomy":"category","embeddable":true,"href":"https:\/\/zonalimitrofe-cbnr.com\/index.php\/wp-json\/wp\/v2\/categories?post=18820"},{"taxonomy":"post_tag","embeddable":true,"href":"https:\/\/zonalimitrofe-cbnr.com\/index.php\/wp-json\/wp\/v2\/tags?post=18820"}],"curies":[{"name":"wp","href":"https:\/\/api.w.org\/{rel}","templated":true}]}}