{"id":18817,"date":"2025-04-13T13:58:58","date_gmt":"2025-04-13T19:58:58","guid":{"rendered":"https:\/\/zonalimitrofe-cbnr.com\/?p=18817"},"modified":"2025-04-13T13:58:59","modified_gmt":"2025-04-13T19:58:59","slug":"gp-festejan-mes-de-la-danza-con-obra-en-el-teatro-alberto-m-alvarado","status":"publish","type":"post","link":"https:\/\/zonalimitrofe-cbnr.com\/index.php\/2025\/04\/13\/gp-festejan-mes-de-la-danza-con-obra-en-el-teatro-alberto-m-alvarado\/","title":{"rendered":"#GP. Festejan Mes de la Danza con obra en el Teatro Alberto M. Alvarado*"},"content":{"rendered":"\n<p>Con motivo de la celebraci\u00f3n del Mes de la Danza, la Direcci\u00f3n de Arte y Cultura del Municipio de G\u00f3mez Palacio, en colaboraci\u00f3n con el Departamento de Arte y Cultura del Tecnol\u00f3gico de Monterrey, present\u00f3 la funci\u00f3n titulada \u201cEsencia\u201d, con el objetivo de promover el arte y la cultura en el municipio, con un enfoque especial en los j\u00f3venes.<\/p>\n\n\n\n<p>Melissa Reuter P\u00e9rez, directora de Arte y Cultura, mencion\u00f3 que el evento, realizado en el Teatro Alberto M. Alvarado, cont\u00f3 con una importante asistencia de estudiantes de instituciones educativas como la preparatoria Jaime Torres Bodet, la Facultad de Ingenier\u00eda, Civil y Arquitectura de la UJED, la Escuela Ignacio Zaragoza, as\u00ed como p\u00fablico en general, lo cual reflej\u00f3 el gran inter\u00e9s y entusiasmo de la comunidad por este evento cultural.<\/p>\n\n\n\n<p>Al finalizar la funci\u00f3n, se llev\u00f3 a cabo una charla por parte de los propios bailarines, quienes compartieron su experiencia personal y profesional, profundizando en los aspectos t\u00e9cnicos, emocionales y art\u00edsticos de la danza contempor\u00e1nea. Los asistentes tuvieron la oportunidad de conocer m\u00e1s sobre el proceso creativo detr\u00e1s de la pieza, as\u00ed como la importancia de la danza como medio para explorar temas tan profundos como la identidad y la esencia humana.<\/p>\n\n\n\n<p>La propuesta \u201cEsencia\u201d no solo represent\u00f3 una experiencia visual y emocional, sino tambi\u00e9n una oportunidad para sensibilizar a los j\u00f3venes sobre el valor del arte y la creatividad. Con ello, se busca incentivar su participaci\u00f3n en el mundo de la danza y otras expresiones art\u00edsticas, como parte del compromiso del municipio por fomentar la cultura y las artes en la regi\u00f3n.<\/p>\n\n\n\n<p>La funci\u00f3n de danza contempor\u00e1nea explor\u00f3 profundamente el tema de la p\u00e9rdida y el redescubrimiento de la esencia humana. A lo largo de la pieza, las bailarinas fueron perdiendo su conexi\u00f3n con su ser interior, mostrando de forma cautivadora c\u00f3mo, en la vida, las personas pueden llegar a sentirse desconectadas de su esencia. En el cl\u00edmax de la obra, se vivi\u00f3 un momento de revelaci\u00f3n, y el cierre fue un acto de reconciliaci\u00f3n y renovaci\u00f3n, donde las int\u00e9rpretes lograron una profunda reconexi\u00f3n con su esencia, transmitiendo un mensaje de esperanza, autodescubrimiento y transformaci\u00f3n personal.<\/p>\n","protected":false},"excerpt":{"rendered":"<p>Con motivo de la celebraci\u00f3n del Mes de la Danza, la Direcci\u00f3n de Arte y Cultura del Municipio de G\u00f3mez Palacio, en colaboraci\u00f3n con el Departamento de Arte y Cultura del Tecnol\u00f3gico de Monterrey, present\u00f3 la funci\u00f3n titulada \u201cEsencia\u201d, con el objetivo de promover el arte y la cultura en el municipio, con un enfoque [&hellip;]<\/p>\n","protected":false},"author":1,"featured_media":18818,"comment_status":"open","ping_status":"open","sticky":false,"template":"","format":"standard","meta":{"_monsterinsights_skip_tracking":false,"_monsterinsights_sitenote_active":false,"_monsterinsights_sitenote_note":"","_monsterinsights_sitenote_category":0,"footnotes":""},"categories":[1],"tags":[],"_links":{"self":[{"href":"https:\/\/zonalimitrofe-cbnr.com\/index.php\/wp-json\/wp\/v2\/posts\/18817"}],"collection":[{"href":"https:\/\/zonalimitrofe-cbnr.com\/index.php\/wp-json\/wp\/v2\/posts"}],"about":[{"href":"https:\/\/zonalimitrofe-cbnr.com\/index.php\/wp-json\/wp\/v2\/types\/post"}],"author":[{"embeddable":true,"href":"https:\/\/zonalimitrofe-cbnr.com\/index.php\/wp-json\/wp\/v2\/users\/1"}],"replies":[{"embeddable":true,"href":"https:\/\/zonalimitrofe-cbnr.com\/index.php\/wp-json\/wp\/v2\/comments?post=18817"}],"version-history":[{"count":1,"href":"https:\/\/zonalimitrofe-cbnr.com\/index.php\/wp-json\/wp\/v2\/posts\/18817\/revisions"}],"predecessor-version":[{"id":18819,"href":"https:\/\/zonalimitrofe-cbnr.com\/index.php\/wp-json\/wp\/v2\/posts\/18817\/revisions\/18819"}],"wp:featuredmedia":[{"embeddable":true,"href":"https:\/\/zonalimitrofe-cbnr.com\/index.php\/wp-json\/wp\/v2\/media\/18818"}],"wp:attachment":[{"href":"https:\/\/zonalimitrofe-cbnr.com\/index.php\/wp-json\/wp\/v2\/media?parent=18817"}],"wp:term":[{"taxonomy":"category","embeddable":true,"href":"https:\/\/zonalimitrofe-cbnr.com\/index.php\/wp-json\/wp\/v2\/categories?post=18817"},{"taxonomy":"post_tag","embeddable":true,"href":"https:\/\/zonalimitrofe-cbnr.com\/index.php\/wp-json\/wp\/v2\/tags?post=18817"}],"curies":[{"name":"wp","href":"https:\/\/api.w.org\/{rel}","templated":true}]}}