{"id":18804,"date":"2025-04-12T17:55:14","date_gmt":"2025-04-12T23:55:14","guid":{"rendered":"https:\/\/zonalimitrofe-cbnr.com\/?p=18804"},"modified":"2025-04-12T17:55:14","modified_gmt":"2025-04-12T23:55:14","slug":"campanasdurango-la-candidata-de-la-alianza-unidad-y-grandeza-pacto-compromisos-con-familias-de-juan-e-garcia","status":"publish","type":"post","link":"https:\/\/zonalimitrofe-cbnr.com\/index.php\/2025\/04\/12\/campanasdurango-la-candidata-de-la-alianza-unidad-y-grandeza-pacto-compromisos-con-familias-de-juan-e-garcia\/","title":{"rendered":"#Campa\u00f1asDurango. La candidata de la alianza \u201cUnidad y Grandeza\u201d pact\u00f3 compromisos con familias de Juan E. Garc\u00eda"},"content":{"rendered":"\n<p>Susy Torrecillas firm\u00f3 compromisos para mejorar viviendas y techos, as\u00ed como beneficiar a productores de ganado<\/p>\n\n\n\n<p>Lerdo, Dgo.- En su cuarto d\u00eda de campa\u00f1a pol\u00edtica, Susy Torrecillas candidata a presidenta municipal por la alianza en com\u00fan PRI-PAN firm\u00f3 compromisos con familias de la Villa de Juan E. Garc\u00eda para mejorar las viviendas en mal estado, as\u00ed como los techos con riesgo para mejorar la calidad de vida de las familias de esta importante comunidad.<\/p>\n\n\n\n<p>Incluso, otras de la peticiones que recibi\u00f3, fue la de apoyar a familias con tejabanes para la protecci\u00f3n de animales; de ah\u00ed que esta demanda ser\u00e1 parte en los programas de apoyo directo a los campesinos, a fin de beneficiarlos en sus diferentes actividades.<\/p>\n\n\n\n<p>Aunado a lo anterior, la candidata de la alianza en com\u00fan \u201cUnidad y Grandeza\u201d, se dijo estar contesta por las muestras de apoyo de cientos de familias del medio rural en virtud de que en estos primeros d\u00edas de campa\u00f1a ya recorri\u00f3 parte de la villa de Le\u00f3n Guzm\u00e1n, as\u00ed como de la comunidad de Sapioriz y de Juan E. Garc\u00eda, en donde la gente y las familiares la definen como una mujer de trabajo y de resultados a favor de Lerdo.<\/p>\n\n\n\n<p>Por tal motivo, indic\u00f3 que de acuerdo a su programa integral de trabajo, el campo ser\u00e1 apoyado a trav\u00e9s de diferentes programas, adem\u00e1s de las mejoras en servicios p\u00fablicos en las mismas comunidades para mejorar los entornos.<\/p>\n\n\n\n<p>Al mismo tiempo, resalt\u00f3 que en cuanto al tema de seguridad, se tiene buenos resultados por la coordinaci\u00f3n de los tres niveles de gobierno, de ah\u00ed que una vez que llegue al<br>Ayuntamiento de Lerdo habr\u00e1 de impulsar los trabajos y gestiones para continuar con las acciones para seguir teniendo uno de los municipios m\u00e1s seguros del estado y del resto de M\u00e9xico.<\/p>\n\n\n\n<p>Finalmente, la candidata a de la alianza \u201cUnidad y Grandeza\u201d que es conformada por el PRI y PAN, hizo hincapi\u00e9 que tienen proyectos claros para que Lerdo continu\u00e9 avanzando en el desarrollo econ\u00f3mico y urbano; adem\u00e1s de capitalizar inversiones que permitan la generaci\u00f3n de empleos en bien de las familias lerdenses.<\/p>\n\n\n\n<figure class=\"wp-block-image size-large\"><img loading=\"lazy\" decoding=\"async\" width=\"1024\" height=\"683\" src=\"https:\/\/zonalimitrofe-cbnr.com\/wp-content\/uploads\/2025\/04\/4-8-1024x683.png\" alt=\"\" class=\"wp-image-18806\" srcset=\"https:\/\/zonalimitrofe-cbnr.com\/wp-content\/uploads\/2025\/04\/4-8-1024x683.png 1024w, https:\/\/zonalimitrofe-cbnr.com\/wp-content\/uploads\/2025\/04\/4-8-300x200.png 300w, https:\/\/zonalimitrofe-cbnr.com\/wp-content\/uploads\/2025\/04\/4-8-768x512.png 768w, https:\/\/zonalimitrofe-cbnr.com\/wp-content\/uploads\/2025\/04\/4-8-1536x1024.png 1536w, https:\/\/zonalimitrofe-cbnr.com\/wp-content\/uploads\/2025\/04\/4-8.png 1920w\" sizes=\"(max-width: 1024px) 100vw, 1024px\" \/><\/figure>\n","protected":false},"excerpt":{"rendered":"<p>Susy Torrecillas firm\u00f3 compromisos para mejorar viviendas y techos, as\u00ed como beneficiar a productores de ganado Lerdo, Dgo.- En su cuarto d\u00eda de campa\u00f1a pol\u00edtica, Susy Torrecillas candidata a presidenta municipal por la alianza en com\u00fan PRI-PAN firm\u00f3 compromisos con familias de la Villa de Juan E. Garc\u00eda para mejorar las viviendas en mal estado, [&hellip;]<\/p>\n","protected":false},"author":1,"featured_media":18805,"comment_status":"open","ping_status":"open","sticky":false,"template":"","format":"standard","meta":{"_monsterinsights_skip_tracking":false,"_monsterinsights_sitenote_active":false,"_monsterinsights_sitenote_note":"","_monsterinsights_sitenote_category":0,"footnotes":""},"categories":[1],"tags":[],"_links":{"self":[{"href":"https:\/\/zonalimitrofe-cbnr.com\/index.php\/wp-json\/wp\/v2\/posts\/18804"}],"collection":[{"href":"https:\/\/zonalimitrofe-cbnr.com\/index.php\/wp-json\/wp\/v2\/posts"}],"about":[{"href":"https:\/\/zonalimitrofe-cbnr.com\/index.php\/wp-json\/wp\/v2\/types\/post"}],"author":[{"embeddable":true,"href":"https:\/\/zonalimitrofe-cbnr.com\/index.php\/wp-json\/wp\/v2\/users\/1"}],"replies":[{"embeddable":true,"href":"https:\/\/zonalimitrofe-cbnr.com\/index.php\/wp-json\/wp\/v2\/comments?post=18804"}],"version-history":[{"count":1,"href":"https:\/\/zonalimitrofe-cbnr.com\/index.php\/wp-json\/wp\/v2\/posts\/18804\/revisions"}],"predecessor-version":[{"id":18807,"href":"https:\/\/zonalimitrofe-cbnr.com\/index.php\/wp-json\/wp\/v2\/posts\/18804\/revisions\/18807"}],"wp:featuredmedia":[{"embeddable":true,"href":"https:\/\/zonalimitrofe-cbnr.com\/index.php\/wp-json\/wp\/v2\/media\/18805"}],"wp:attachment":[{"href":"https:\/\/zonalimitrofe-cbnr.com\/index.php\/wp-json\/wp\/v2\/media?parent=18804"}],"wp:term":[{"taxonomy":"category","embeddable":true,"href":"https:\/\/zonalimitrofe-cbnr.com\/index.php\/wp-json\/wp\/v2\/categories?post=18804"},{"taxonomy":"post_tag","embeddable":true,"href":"https:\/\/zonalimitrofe-cbnr.com\/index.php\/wp-json\/wp\/v2\/tags?post=18804"}],"curies":[{"name":"wp","href":"https:\/\/api.w.org\/{rel}","templated":true}]}}