{"id":18742,"date":"2025-04-11T17:31:02","date_gmt":"2025-04-11T23:31:02","guid":{"rendered":"https:\/\/zonalimitrofe-cbnr.com\/?p=18742"},"modified":"2025-04-11T17:31:02","modified_gmt":"2025-04-11T23:31:02","slug":"torreon-presentan-ante-regidores-el-operativo-para-la-conservacion-de-la-reserva-ecologica-municipal-sierra-y-canon-de-jimulco","status":"publish","type":"post","link":"https:\/\/zonalimitrofe-cbnr.com\/index.php\/2025\/04\/11\/torreon-presentan-ante-regidores-el-operativo-para-la-conservacion-de-la-reserva-ecologica-municipal-sierra-y-canon-de-jimulco\/","title":{"rendered":"#Torre\u00f3n. Presentan ante regidores el operativo para la conservaci\u00f3n de la Reserva Ecol\u00f3gica Municipal Sierra y Ca\u00f1\u00f3n de Jimulco"},"content":{"rendered":"\n<p>Torre\u00f3n, Coahuila. A 11 de abril de 2025<\/p>\n\n\n\n<p>Con la finalidad de continuar protegiendo y conservando el ecosistema, las especies y procesos biol\u00f3gicos de la Reserva Ecol\u00f3gica Municipal Sierra y Ca\u00f1\u00f3n de Jimulco, este viernes fue presentado ante los regidores el operativo que realiza la Fundaci\u00f3n Jimulco A.C. y colaboradores, en torno a la Semana Santa.<\/p>\n\n\n\n<p>En la reuni\u00f3n estuvo presente Karla Estela Novella de la Torre, directora de la administraci\u00f3n de la Reserva Ecol\u00f3gica, quien destac\u00f3 que el objetivo es impulsar el turismo como una actividad alternativa para el desarrollo de las comunidades rurales asentadas en torno a la reserva, aprovechando su patrimonio tur\u00edstico, hist\u00f3rico, cultural y natural.<\/p>\n\n\n\n<p>Adem\u00e1s de velar la integridad de las personas, el ecosistema y las especies y de minimizar el impacto ambiental.<\/p>\n\n\n\n<p>\u201cCon las acciones constantes buscamos hacer compatibles la recreaci\u00f3n y el ecoturismo con la conservaci\u00f3n\u201d, indic\u00f3.<\/p>\n\n\n\n<p>Dijo que el operativo comenz\u00f3 hace algunas semanas con la planeaci\u00f3n de estrategias en conjunto con diversas instituciones municipales y estatales involucradas en el cuidado del \u00e1rea, adem\u00e1s de grupos comunitarios de la Reserva Ecol\u00f3gica que trabajan durante todo el a\u00f1o por su conservaci\u00f3n.<\/p>\n\n\n\n<p>Novella de la Torre se\u00f1al\u00f3 que se instalar\u00e1n tres m\u00f3dulos con informaci\u00f3n y orientaci\u00f3n para los visitantes, distribuidos en puntos estrat\u00e9gicos de la zona como: el Barreal de Guadalupe, Ca\u00f1\u00f3n de la Cabeza y el Ca\u00f1\u00f3n del Realito.<\/p>\n\n\n\n<p>Asimismo, indic\u00f3 que ser\u00e1n llevadas a cabo encuestas r\u00e1pidas para realizar un conteo de visitantes, se distribuir\u00e1n tr\u00edpticos informativos de la Reserva, se entregar\u00e1n bolsas de almacenamiento de residuos, y ser\u00e1n ejecutados operativos de vigilancia; adem\u00e1s la Promotora Ambiental (PASA) instalar\u00e1 un contenedor para los residuos.<\/p>\n\n\n\n<p>Destac\u00f3 que el operativo iniciar\u00e1 con una ceremonia de inauguraci\u00f3n el 17 de abril y concluir\u00e1 el 19 del mismo mes, con una reuni\u00f3n de retroalimentaci\u00f3n y revisi\u00f3n de saldos.<\/p>\n\n\n\n<p>Por su parte, Ana Rosa Gonz\u00e1lez, integrante de Promotoras Ambientales, dijo que entre las principales presiones identificadas se encuentran las malas practicas de turismo, incendios forestales, saqueo de flora y fauna, cacer\u00eda furtiva y la contaminaci\u00f3n de agua y suelo.<\/p>\n\n\n\n<p>En ese sentido, destac\u00f3 las acciones constantes que realizan para la concientizaci\u00f3n del cuidado de la Reserva, a trav\u00e9s de pl\u00e1ticas generales y actividades escolares, pues dijo que el cuidado a la naturaleza es el respeto a la vida.<\/p>\n\n\n\n<p>Lo anterior se llev\u00f3 a cabo dentro de la comisi\u00f3n de Medio Ambiente encabezada por el regidor Gabriel Francisco Pedro, e integrada por los regidores Roberto Bernal G\u00f3mez, Dora Elia Salinas Dur\u00e1n, Omar Morales Rodr\u00edguez y Ariana Neiroli Cervantes Zamarr\u00f3n.<\/p>\n","protected":false},"excerpt":{"rendered":"<p>Torre\u00f3n, Coahuila. A 11 de abril de 2025 Con la finalidad de continuar protegiendo y conservando el ecosistema, las especies y procesos biol\u00f3gicos de la Reserva Ecol\u00f3gica Municipal Sierra y Ca\u00f1\u00f3n de Jimulco, este viernes fue presentado ante los regidores el operativo que realiza la Fundaci\u00f3n Jimulco A.C. y colaboradores, en torno a la Semana [&hellip;]<\/p>\n","protected":false},"author":1,"featured_media":18743,"comment_status":"open","ping_status":"open","sticky":false,"template":"","format":"standard","meta":{"_monsterinsights_skip_tracking":false,"_monsterinsights_sitenote_active":false,"_monsterinsights_sitenote_note":"","_monsterinsights_sitenote_category":0,"footnotes":""},"categories":[1],"tags":[],"_links":{"self":[{"href":"https:\/\/zonalimitrofe-cbnr.com\/index.php\/wp-json\/wp\/v2\/posts\/18742"}],"collection":[{"href":"https:\/\/zonalimitrofe-cbnr.com\/index.php\/wp-json\/wp\/v2\/posts"}],"about":[{"href":"https:\/\/zonalimitrofe-cbnr.com\/index.php\/wp-json\/wp\/v2\/types\/post"}],"author":[{"embeddable":true,"href":"https:\/\/zonalimitrofe-cbnr.com\/index.php\/wp-json\/wp\/v2\/users\/1"}],"replies":[{"embeddable":true,"href":"https:\/\/zonalimitrofe-cbnr.com\/index.php\/wp-json\/wp\/v2\/comments?post=18742"}],"version-history":[{"count":1,"href":"https:\/\/zonalimitrofe-cbnr.com\/index.php\/wp-json\/wp\/v2\/posts\/18742\/revisions"}],"predecessor-version":[{"id":18744,"href":"https:\/\/zonalimitrofe-cbnr.com\/index.php\/wp-json\/wp\/v2\/posts\/18742\/revisions\/18744"}],"wp:featuredmedia":[{"embeddable":true,"href":"https:\/\/zonalimitrofe-cbnr.com\/index.php\/wp-json\/wp\/v2\/media\/18743"}],"wp:attachment":[{"href":"https:\/\/zonalimitrofe-cbnr.com\/index.php\/wp-json\/wp\/v2\/media?parent=18742"}],"wp:term":[{"taxonomy":"category","embeddable":true,"href":"https:\/\/zonalimitrofe-cbnr.com\/index.php\/wp-json\/wp\/v2\/categories?post=18742"},{"taxonomy":"post_tag","embeddable":true,"href":"https:\/\/zonalimitrofe-cbnr.com\/index.php\/wp-json\/wp\/v2\/tags?post=18742"}],"curies":[{"name":"wp","href":"https:\/\/api.w.org\/{rel}","templated":true}]}}