{"id":18727,"date":"2025-04-11T17:16:33","date_gmt":"2025-04-11T23:16:33","guid":{"rendered":"https:\/\/zonalimitrofe-cbnr.com\/?p=18727"},"modified":"2025-04-11T17:16:33","modified_gmt":"2025-04-11T23:16:33","slug":"torreon-alcalde-lleva-la-brigada-municipal-a-la-colonia-division-del-norte-y-anuncia-la-construccion-de-una-techumbre","status":"publish","type":"post","link":"https:\/\/zonalimitrofe-cbnr.com\/index.php\/2025\/04\/11\/torreon-alcalde-lleva-la-brigada-municipal-a-la-colonia-division-del-norte-y-anuncia-la-construccion-de-una-techumbre\/","title":{"rendered":"#Torre\u00f3n. Alcalde lleva la brigada municipal a la colonia Divisi\u00f3n del Norte y anuncia la construcci\u00f3n de una techumbre"},"content":{"rendered":"\n<p><strong>Torre\u00f3n, Coahuila. A 11 de abril de 2025.-<\/strong> Este viernes, el presidente municipal Rom\u00e1n Alberto Cepeda Gonz\u00e1lez acudi\u00f3 con la brigada \u201cEl alcalde y su equipo en tu colonia hacen m\u00e1s\u201d, a la Divisi\u00f3n del Norte, en donde anunci\u00f3 que a m\u00e1s tardar en dos meses ser\u00e1 inaugurada una techumbre. Adem\u00e1s de acercar los servicios de las dependencias municipales a la ciudadan\u00eda, el edil entreg\u00f3 aparatos de movilidad, acompa\u00f1ando de la se\u00f1ora Selina Bremer de Cepeda, presidenta del sistema para el Desarrollo Integral de la Familia (DIF) Torre\u00f3n. Cabe destacar que desde el pasado lunes, diferentes dependencias municipales como Atenci\u00f3n Ciudadana, Servicios P\u00fablicos y Desarrollo Social, se instalaron en esta colonia para atender las solicitudes de sus habitantes, as\u00ed como de los vecinos de \u00e1reas aleda\u00f1as. En su mensaje, el Alcalde reforz\u00f3 su compromiso con los torreonenses, y asegur\u00f3 que seguir\u00e1 trabajando como lo ha hecho desde el 2022 por mejorar los servicios y atender las necesidades de cada sector. \u201c\u00bfSe acuerdan de una frase de campa\u00f1a que dec\u00eda Rom\u00e1n se queda, se queda?, bueno pues no me voy, me quedo, y vengo a decirles con todo mi equipo que aqu\u00ed estamos para ratificar los compromisos que hicimos en campa\u00f1a y que iniciamos a partir de enero del 2025, como lo ratificamos tambi\u00e9n durante los tres a\u00f1os de la Administraci\u00f3n anterior, aqu\u00ed estamos y no nos vamos a ir\u201d. Dijo que en las colonias visitadas se ha hecho una importante labor de pavimentaci\u00f3n, atenci\u00f3n a la salud, recarpeteo, as\u00ed como en los servicios de descuentos en pagos del SIMAS o predial, entrega de sillas de ruedas y aparatos aditivos especializados, ex\u00e1menes de la vista y atenci\u00f3n a las mascotas, por mencionar algunos. Cepeda Gonz\u00e1lez reiter\u00f3 que cada \u00e1rea de la ciudad le ocupa y preocupa a su Administraci\u00f3n, y resalt\u00f3 que lo m\u00e1s valioso de Torre\u00f3n es su gente.<\/p>\n\n\n\n<p>Asimismo, anunci\u00f3 que en unos d\u00edas arrancar\u00e1 la construcci\u00f3n de una techumbre en este sector, as\u00ed como la rehabilitaci\u00f3n de toda esa \u00e1rea p\u00fablica con una inversi\u00f3n de 2.5 millones de pesos.<\/p>\n\n\n\n<p>\u201cEs un compromiso y aqu\u00ed en Torre\u00f3n no hacemos campa\u00f1as de confeti, vamos a seguir trabajando para seguir construyendo el Torre\u00f3n que queremos\u201d.<\/p>\n\n\n\n<p>El edil mencion\u00f3 que hoy Torre\u00f3n es seguro, tiene empleo, y existen las condiciones para que la ciudadan\u00eda pueda ir a buscar empleo, a trabajar, a educar o educarse, y reiter\u00f3 tambi\u00e9n que junto con el gobernador Manolo Jim\u00e9nez, seguir\u00e1 construyendo el Torre\u00f3n que todos queremos.<\/p>\n\n\n\n<p>H\u00e9ctor Iv\u00e1n Estrada, director general de Desarrollo Social, precis\u00f3 que la brigada comenz\u00f3 desde el lunes pasado y que ya van m\u00e1s de 350 acciones realizadas por parte del Municipio. \u201cD\u00e9jame decirte Alcalde que en las pl\u00e1ticas previas que tuvimos con todos los habitantes de aqu\u00ed, estaban muy contentos y muy agradecidos de que fueran de las primeras colonias tomadas en cuenta para este gran programa donde se han atendido peticiones que ten\u00edan mucho tiempo, por eso gracias por tu disposici\u00f3n, entrega y compromiso\u201d.<\/p>\n\n\n\n<p>Por su parte, el diputado local Felipe Gonz\u00e1lez, tambi\u00e9n agradeci\u00f3 al Alcalde y la presidenta del DIF Torre\u00f3n, por su labor.<\/p>\n\n\n\n<p>\u201cQue hoy el Municipio salga de Presidencia, as\u00ed como ha sido la pol\u00edtica p\u00fablica del alcalde Rom\u00e1n Alberto Cepeda, habla de su visi\u00f3n, de querer estar cercano a la gente y venir a escucharlos, porque eso es lo m\u00e1s importante que tenemos que hacer para retroalimentarnos, para poder seguir chambeando. Hay muchos retos, pero es muy importante que sepamos el Torre\u00f3n que ten\u00edamos hace m\u00e1s de tres a\u00f1os, un Torre\u00f3n apagado, donde se hab\u00edan acabado los espacios p\u00fablicos, donde ten\u00edamos una L\u00ednea Verde abandonada, olvidada, y con todo este equipo encabezado por un gran Alcalde que ha hecho un importante cambio de imagen a nuestro municipio con Manolo Jim\u00e9nez, nuestro gobernador, vamos por buen camino, estamos seguros que en Torre\u00f3n vienen mejores a\u00f1os\u201d.<\/p>\n\n\n\n<p>De igual forma a nombre de los vecinos, Mar\u00eda Gabriela Barrientos Carranza, agradeci\u00f3 al Alcalde y su equipo por el trabajo que han realizado como calles iluminadas, una plaza remozada, y acercar los distintos servicios y programas.<\/p>\n\n\n\n<p>Estuvieron tambi\u00e9n presentes: Luis Jorge Cuerda Serna, primer regidor del Ayuntamiento; Ariel Mart\u00ednez Mendoza, Jefe de Gabinete; Adolfo Von Bertrab Saracho, director de Obras P\u00fablicas; Fernando Villarreal Cu\u00e9llar, director general de Servicios P\u00fablicos; Marlene Mart\u00ednez Vald\u00e9s, directora general del DIF Torre\u00f3n; y Ricardo Garc\u00eda.<\/p>\n","protected":false},"excerpt":{"rendered":"<p>Torre\u00f3n, Coahuila. A 11 de abril de 2025.- Este viernes, el presidente municipal Rom\u00e1n Alberto Cepeda Gonz\u00e1lez acudi\u00f3 con la brigada \u201cEl alcalde y su equipo en tu colonia hacen m\u00e1s\u201d, a la Divisi\u00f3n del Norte, en donde anunci\u00f3 que a m\u00e1s tardar en dos meses ser\u00e1 inaugurada una techumbre. Adem\u00e1s de acercar los servicios [&hellip;]<\/p>\n","protected":false},"author":1,"featured_media":18728,"comment_status":"open","ping_status":"open","sticky":false,"template":"","format":"standard","meta":{"_monsterinsights_skip_tracking":false,"_monsterinsights_sitenote_active":false,"_monsterinsights_sitenote_note":"","_monsterinsights_sitenote_category":0,"footnotes":""},"categories":[1],"tags":[],"_links":{"self":[{"href":"https:\/\/zonalimitrofe-cbnr.com\/index.php\/wp-json\/wp\/v2\/posts\/18727"}],"collection":[{"href":"https:\/\/zonalimitrofe-cbnr.com\/index.php\/wp-json\/wp\/v2\/posts"}],"about":[{"href":"https:\/\/zonalimitrofe-cbnr.com\/index.php\/wp-json\/wp\/v2\/types\/post"}],"author":[{"embeddable":true,"href":"https:\/\/zonalimitrofe-cbnr.com\/index.php\/wp-json\/wp\/v2\/users\/1"}],"replies":[{"embeddable":true,"href":"https:\/\/zonalimitrofe-cbnr.com\/index.php\/wp-json\/wp\/v2\/comments?post=18727"}],"version-history":[{"count":1,"href":"https:\/\/zonalimitrofe-cbnr.com\/index.php\/wp-json\/wp\/v2\/posts\/18727\/revisions"}],"predecessor-version":[{"id":18729,"href":"https:\/\/zonalimitrofe-cbnr.com\/index.php\/wp-json\/wp\/v2\/posts\/18727\/revisions\/18729"}],"wp:featuredmedia":[{"embeddable":true,"href":"https:\/\/zonalimitrofe-cbnr.com\/index.php\/wp-json\/wp\/v2\/media\/18728"}],"wp:attachment":[{"href":"https:\/\/zonalimitrofe-cbnr.com\/index.php\/wp-json\/wp\/v2\/media?parent=18727"}],"wp:term":[{"taxonomy":"category","embeddable":true,"href":"https:\/\/zonalimitrofe-cbnr.com\/index.php\/wp-json\/wp\/v2\/categories?post=18727"},{"taxonomy":"post_tag","embeddable":true,"href":"https:\/\/zonalimitrofe-cbnr.com\/index.php\/wp-json\/wp\/v2\/tags?post=18727"}],"curies":[{"name":"wp","href":"https:\/\/api.w.org\/{rel}","templated":true}]}}