{"id":1724,"date":"2024-02-13T17:25:50","date_gmt":"2024-02-13T23:25:50","guid":{"rendered":"https:\/\/zonalimitrofe-cbnr.com\/?p=1724"},"modified":"2024-02-13T17:25:50","modified_gmt":"2024-02-13T23:25:50","slug":"lerdo-dan-mantenimiento-al-bulevar-miguel-aleman","status":"publish","type":"post","link":"https:\/\/zonalimitrofe-cbnr.com\/index.php\/2024\/02\/13\/lerdo-dan-mantenimiento-al-bulevar-miguel-aleman\/","title":{"rendered":"#Lerdo. DAN MANTENIMIENTO AL BULEVAR MIGUEL ALEM\u00c1N"},"content":{"rendered":"\n<p>Lerdo, 13 de febrero 2024.- Por instrucciones del Alcalde Homero Mart\u00ednez Cabrera, las direcciones de Obras P\u00fablicas y Servicios P\u00fablicos llevaron a cabo un programa integral de embellecimiento y mantenimiento del Bulevar Miguel Alem\u00e1n.<\/p>\n\n\n\n<p>Los trabajos realizados est\u00e1n destinados a mejorar la est\u00e9tica y la funcionalidad de esta importante v\u00eda de comunicaci\u00f3n de la ciudad, as\u00ed como garantizar la seguridad de los conductores y peatones. Entre las acciones se incluyen la limpieza, aplicaci\u00f3n de nueva pintura y la instalaci\u00f3n de luminarias LED.<\/p>\n\n\n\n<p>Este proyecto de embellecimiento forma parte de una campa\u00f1a para mejorar la infraestructura urbana y la calidad de vida de los habitantes del municipio, de la mano del programa \u201cIluminemos Lerdo con tecnolog\u00eda LED\u201d.<\/p>\n\n\n\n<p>En d\u00edas pasados, acciones similares se llevaron a cabo en la Avenida Juan Pablo II, el Bulevar Castilagua y el perif\u00e9rico de la ciudad.<\/p>\n\n\n\n<p>Se exhorta a los ciudadanos a respetar y cuidar de los espacios p\u00fablicos, denunciando el vandalismo y evitando arrojar basura en las calles, para mantener una mejor imagen en las diferentes v\u00edas de comunicaci\u00f3n en el municipio.<\/p>\n","protected":false},"excerpt":{"rendered":"<p>Lerdo, 13 de febrero 2024.- Por instrucciones del Alcalde Homero Mart\u00ednez Cabrera, las direcciones de Obras P\u00fablicas y Servicios P\u00fablicos llevaron a cabo un programa integral de embellecimiento y mantenimiento del Bulevar Miguel Alem\u00e1n. Los trabajos realizados est\u00e1n destinados a mejorar la est\u00e9tica y la funcionalidad de esta importante v\u00eda de comunicaci\u00f3n de la ciudad, [&hellip;]<\/p>\n","protected":false},"author":1,"featured_media":1725,"comment_status":"open","ping_status":"open","sticky":false,"template":"","format":"standard","meta":{"_monsterinsights_skip_tracking":false,"_monsterinsights_sitenote_active":false,"_monsterinsights_sitenote_note":"","_monsterinsights_sitenote_category":0,"footnotes":""},"categories":[1],"tags":[],"_links":{"self":[{"href":"https:\/\/zonalimitrofe-cbnr.com\/index.php\/wp-json\/wp\/v2\/posts\/1724"}],"collection":[{"href":"https:\/\/zonalimitrofe-cbnr.com\/index.php\/wp-json\/wp\/v2\/posts"}],"about":[{"href":"https:\/\/zonalimitrofe-cbnr.com\/index.php\/wp-json\/wp\/v2\/types\/post"}],"author":[{"embeddable":true,"href":"https:\/\/zonalimitrofe-cbnr.com\/index.php\/wp-json\/wp\/v2\/users\/1"}],"replies":[{"embeddable":true,"href":"https:\/\/zonalimitrofe-cbnr.com\/index.php\/wp-json\/wp\/v2\/comments?post=1724"}],"version-history":[{"count":1,"href":"https:\/\/zonalimitrofe-cbnr.com\/index.php\/wp-json\/wp\/v2\/posts\/1724\/revisions"}],"predecessor-version":[{"id":1726,"href":"https:\/\/zonalimitrofe-cbnr.com\/index.php\/wp-json\/wp\/v2\/posts\/1724\/revisions\/1726"}],"wp:featuredmedia":[{"embeddable":true,"href":"https:\/\/zonalimitrofe-cbnr.com\/index.php\/wp-json\/wp\/v2\/media\/1725"}],"wp:attachment":[{"href":"https:\/\/zonalimitrofe-cbnr.com\/index.php\/wp-json\/wp\/v2\/media?parent=1724"}],"wp:term":[{"taxonomy":"category","embeddable":true,"href":"https:\/\/zonalimitrofe-cbnr.com\/index.php\/wp-json\/wp\/v2\/categories?post=1724"},{"taxonomy":"post_tag","embeddable":true,"href":"https:\/\/zonalimitrofe-cbnr.com\/index.php\/wp-json\/wp\/v2\/tags?post=1724"}],"curies":[{"name":"wp","href":"https:\/\/api.w.org\/{rel}","templated":true}]}}