{"id":16893,"date":"2025-02-28T16:27:48","date_gmt":"2025-02-28T22:27:48","guid":{"rendered":"https:\/\/zonalimitrofe-cbnr.com\/?p=16893"},"modified":"2025-02-28T16:27:48","modified_gmt":"2025-02-28T22:27:48","slug":"durango-gobierno-de-esteban-toma-protesta-a-108-comites-vive-en-la-laguna","status":"publish","type":"post","link":"https:\/\/zonalimitrofe-cbnr.com\/index.php\/2025\/02\/28\/durango-gobierno-de-esteban-toma-protesta-a-108-comites-vive-en-la-laguna\/","title":{"rendered":"#Durango. GOBIERNO DE ESTEBAN TOMA PROTESTA A 108 COMIT\u00c9S \u201cVIVE\u201d EN LA LAGUNA"},"content":{"rendered":"\n<ul>\n<li>Se tom\u00f3 protesta a los 108 Comit\u00e9s de la Estrategia VIVE en G\u00f3mez Palacio<\/li>\n\n\n\n<li>Gobierno de Esteban busca cerrar filas con la ciudadan\u00eda y prevenir actos de violencia hacia grupos vulnerables<\/li>\n<\/ul>\n\n\n\n<p>Comarca Lagunera.- En un entorno festivo, los ciudadanos que conforman 108 Comit\u00e9s VIVE en G\u00f3mez Palacio, se dieron cita en el Club de Leones para participar en la toma de protesta, con lo que se formaliza el arranque de la estrategia Vive del Gobierno de Esteban Villegas Villarreal, en su nuevo formato de atenci\u00f3n a la poblaci\u00f3n en La Laguna.<br>En representaci\u00f3n del gobernador del Estado, Esteban Villegas Villarreal y del secretario General de Gobierno, H\u00e9ctor Vela Valenzuela, el subsecretario de Gobierno en La Laguna, Ra\u00fal Meraz Ram\u00edrez, fue el encargado de tomar protesta a los 108 Comit\u00e9s formados en apoyo a la Estrategia VIVE, y a trav\u00e9s de los cuales, se busca establecer un v\u00ednculo directo con el gobierno del Estado.<br>La estrategia tiene varias l\u00edneas de acci\u00f3n, una de ellas es la integraci\u00f3n de Comit\u00e9s Ciudadanos mediante los cuales se baja la aplicaci\u00f3n de la plataforma de \u201cEscudo Vecinal\u201d ligado al Centro de Comando, Control, Comunicaci\u00f3n y C\u00f3mputo (C-4), el programa CURA de las instituciones educativas para que los padres y maestros est\u00e9n en constante coordinaci\u00f3n; y la otra estrategia es que los funcionarios estatales salgan de sus oficinas hacia las colonias y los poblados para atender a la ciudadan\u00eda cerca de sus hogares.<br>En su mensaje el subsecretario de Gobierno en La Laguna coment\u00f3 que el pasado 29 de enero la Estrategia VIVE arranc\u00f3 en la Colonia Fidel Vel\u00e1zquez \u201cChapala\u201d de G\u00f3mez Palacio y el 30 de enero en el fraccionamiento San Antonio de Lerdo, Dgo; donde cada d\u00eda han estado presentes las diferentes dependencias de los gobiernos Federal, Estatal y Municipal, atendiendo a m\u00e1s de cinco mil personas.<br>\u201cAhora bien, despu\u00e9s de dos a\u00f1os y medio del gobierno de Esteban Villegas la coordinaci\u00f3n en materia de seguridad con la Secretar\u00eda de la Defensa, la Guardia Nacional, la Secretar\u00eda de Seguridad P\u00fablica y la Fiscal\u00eda del Estado, nos han dado grandes resultados como es que, los \u00edndices de los delitos de alto impacto van a al baja y nos ha generado un aumento en las denuncias en temas de violencia intrafamiliar y, como en todo el pa\u00eds, tenemos como foco rojo el tema de los suicidios. Entonces, la estrategia VIVE pretende brindar asesor\u00eda y atenci\u00f3n oportuna a toda la ciudadan\u00eda, principalmente a las mujeres y lo grupos vulnerables, a fin de evitar, en la medida de lo posible, cualquier acto de violencia de todo tipo\u201d enfatiz\u00f3.<br>Meraz Ram\u00edrez explic\u00f3 que la idea es que toda la ciudadan\u00eda, a trav\u00e9s de los Comit\u00e9s VIVES solicite la atenci\u00f3n directa e inmediata de las dependencias del Estado en La Laguna. \u201cQue sepa la ciudadan\u00eda que, para temas de seguridad, para temas del cuidado de su integridad, pueden contar con el gobernador Esteban Villegas y con todo su gabinete en La Laguna\u201d.<\/p>\n","protected":false},"excerpt":{"rendered":"<p>Comarca Lagunera.- En un entorno festivo, los ciudadanos que conforman 108 Comit\u00e9s VIVE en G\u00f3mez Palacio, se dieron cita en el Club de Leones para participar en la toma de protesta, con lo que se formaliza el arranque de la estrategia Vive del Gobierno de Esteban Villegas Villarreal, en su nuevo formato de atenci\u00f3n a [&hellip;]<\/p>\n","protected":false},"author":1,"featured_media":16894,"comment_status":"open","ping_status":"open","sticky":false,"template":"","format":"standard","meta":{"_monsterinsights_skip_tracking":false,"_monsterinsights_sitenote_active":false,"_monsterinsights_sitenote_note":"","_monsterinsights_sitenote_category":0,"footnotes":""},"categories":[1],"tags":[],"_links":{"self":[{"href":"https:\/\/zonalimitrofe-cbnr.com\/index.php\/wp-json\/wp\/v2\/posts\/16893"}],"collection":[{"href":"https:\/\/zonalimitrofe-cbnr.com\/index.php\/wp-json\/wp\/v2\/posts"}],"about":[{"href":"https:\/\/zonalimitrofe-cbnr.com\/index.php\/wp-json\/wp\/v2\/types\/post"}],"author":[{"embeddable":true,"href":"https:\/\/zonalimitrofe-cbnr.com\/index.php\/wp-json\/wp\/v2\/users\/1"}],"replies":[{"embeddable":true,"href":"https:\/\/zonalimitrofe-cbnr.com\/index.php\/wp-json\/wp\/v2\/comments?post=16893"}],"version-history":[{"count":1,"href":"https:\/\/zonalimitrofe-cbnr.com\/index.php\/wp-json\/wp\/v2\/posts\/16893\/revisions"}],"predecessor-version":[{"id":16895,"href":"https:\/\/zonalimitrofe-cbnr.com\/index.php\/wp-json\/wp\/v2\/posts\/16893\/revisions\/16895"}],"wp:featuredmedia":[{"embeddable":true,"href":"https:\/\/zonalimitrofe-cbnr.com\/index.php\/wp-json\/wp\/v2\/media\/16894"}],"wp:attachment":[{"href":"https:\/\/zonalimitrofe-cbnr.com\/index.php\/wp-json\/wp\/v2\/media?parent=16893"}],"wp:term":[{"taxonomy":"category","embeddable":true,"href":"https:\/\/zonalimitrofe-cbnr.com\/index.php\/wp-json\/wp\/v2\/categories?post=16893"},{"taxonomy":"post_tag","embeddable":true,"href":"https:\/\/zonalimitrofe-cbnr.com\/index.php\/wp-json\/wp\/v2\/tags?post=16893"}],"curies":[{"name":"wp","href":"https:\/\/api.w.org\/{rel}","templated":true}]}}