{"id":16877,"date":"2025-02-28T16:15:07","date_gmt":"2025-02-28T22:15:07","guid":{"rendered":"https:\/\/zonalimitrofe-cbnr.com\/?p=16877"},"modified":"2025-02-28T16:15:08","modified_gmt":"2025-02-28T22:15:08","slug":"torreon-buscan-el-cumplimiento-al-100-de-la-declaracion-de-situacion-patrimonial-de-servidores-publicos","status":"publish","type":"post","link":"https:\/\/zonalimitrofe-cbnr.com\/index.php\/2025\/02\/28\/torreon-buscan-el-cumplimiento-al-100-de-la-declaracion-de-situacion-patrimonial-de-servidores-publicos\/","title":{"rendered":"#Torre\u00f3n. Buscan el cumplimiento al 100% de la Declaraci\u00f3n de Situaci\u00f3n Patrimonial de Servidores P\u00fablicos"},"content":{"rendered":"\n<p><strong>Torre\u00f3n, Coahuila. A 28 de febrero de 2025.-<\/strong> Durante la segunda sesi\u00f3n de la Comisi\u00f3n de Contralor\u00eda y Desarrollo Institucional, se aprob\u00f3 por unanimidad la presentaci\u00f3n del proceso de la declaraci\u00f3n de situaci\u00f3n patrimonial a cargo de Rogelio Vizuett Fragoso, director de Auditoria Financiera y Administrativa de la Contralor\u00eda Municipal. En su presentaci\u00f3n, el funcionario explic\u00f3 la importancia de presentar la declaraci\u00f3n de situaci\u00f3n patrimonial por parte de los servidores p\u00fablicos, misma que se brinda a fin de dar los datos de su patrimonio (ingresos, bienes muebles e inmuebles, inversiones financieras, adeudos), en los medios electr\u00f3nicos o impresos que defina la propia Contralor\u00eda General, a trav\u00e9s de la Secretar\u00eda de Fiscalizaci\u00f3n y Rendici\u00f3n de Cuentas de Coahuila. Vizuett Fragoso detall\u00f3 que est\u00e1n obligados a presentar dicha declaraci\u00f3n todas las personas servidoras p\u00fablicas, es decir, todas aquellas que desempe\u00f1en un empleo cargo o comisi\u00f3n en las dependencias y entidades de la administraci\u00f3n p\u00fablica estatal, municipios y dem\u00e1s entes p\u00fablicos. Coment\u00f3 que la publicaci\u00f3n de la declaraci\u00f3n ser\u00e1 p\u00fablica, sin embargo, no todo lo declarado est\u00e1 a la vista de todos debido a la ley de datos personales. &#8220;Hay elementos que se est\u00e1 obligado a presentar, no obstante, no todos son visibles como el domicilio o datos financieros, esto a fin de salvaguardar estos datos personales sensibles&#8221;, manifest\u00f3. Extern\u00f3 que se debe argumentar en dicha declaraci\u00f3n la relaci\u00f3n con empresas, as\u00ed como de los c\u00f3nyuges y dependientes econ\u00f3micos. Dijo que hay diferentes tipos de declaraci\u00f3n, como es la inicial, que es cuando comienza el periodo de la administraci\u00f3n p\u00fablica o de las funciones del servidor p\u00fablico; y la anual, que se da en el mes de mayo, mismas que se presentan v\u00eda digital por internet. Por su parte, Ra\u00fal Fabi\u00e1n Ruelas Navarro, presidente de la comisi\u00f3n, indic\u00f3 que Torre\u00f3n cuenta con un muy avanzado porcentaje de servidores p\u00fablicos que han cumplido con esta declaraci\u00f3n y es m\u00ednima la cantidad de quienes a\u00fan est\u00e1n en el proceso.<\/p>\n\n\n\n<p>\u201cTorre\u00f3n debe seguir siendo un municipio de avanzada, por lo que el alcalde Rom\u00e1n Alberto Cepeda Gonz\u00e1lez y esta comisi\u00f3n, buscamos que todos los servidores p\u00fablicos del Ayuntamiento cumplan con estas declaraciones, tanto la inicial como la anual, y se est\u00e1 en tiempo y forma, debido a que son 60 d\u00edas los dispuestos para que sea presentada la primera\u201d, subray\u00f3.<\/p>\n\n\n\n<p>Dentro de las propuestas que se brindaron en esta comisi\u00f3n y que fue votada a favor por unanimidad, la regidora Natalia Fern\u00e1ndez Mart\u00ednez propuso llevar a la siguiente sesi\u00f3n de Cabildo dar la difusi\u00f3n y apoyar a la Contralor\u00eda Municipal, para continuar en la l\u00ednea de que el municipio de Torre\u00f3n sea 100 por ciento cumplido en la presentaci\u00f3n de las declaraciones inicial y anual.<\/p>\n\n\n\n<p>Los ediles que conforman la Comisi\u00f3n de Contralor\u00eda y Desarrollo Institucional son: Como Secretaria, Mar\u00eda Fernanda Gonz\u00e1lez Aponte; Vocales, Diego Ontiveros Renter\u00eda, Natalia Guadalupe Fern\u00e1ndez Mart\u00ednez y Zazil Pacheco P\u00e9rez.<\/p>\n","protected":false},"excerpt":{"rendered":"<p>Torre\u00f3n, Coahuila. A 28 de febrero de 2025.- Durante la segunda sesi\u00f3n de la Comisi\u00f3n de Contralor\u00eda y Desarrollo Institucional, se aprob\u00f3 por unanimidad la presentaci\u00f3n del proceso de la declaraci\u00f3n de situaci\u00f3n patrimonial a cargo de Rogelio Vizuett Fragoso, director de Auditoria Financiera y Administrativa de la Contralor\u00eda Municipal. En su presentaci\u00f3n, el funcionario [&hellip;]<\/p>\n","protected":false},"author":1,"featured_media":16879,"comment_status":"open","ping_status":"open","sticky":false,"template":"","format":"standard","meta":{"_monsterinsights_skip_tracking":false,"_monsterinsights_sitenote_active":false,"_monsterinsights_sitenote_note":"","_monsterinsights_sitenote_category":0,"footnotes":""},"categories":[1],"tags":[],"_links":{"self":[{"href":"https:\/\/zonalimitrofe-cbnr.com\/index.php\/wp-json\/wp\/v2\/posts\/16877"}],"collection":[{"href":"https:\/\/zonalimitrofe-cbnr.com\/index.php\/wp-json\/wp\/v2\/posts"}],"about":[{"href":"https:\/\/zonalimitrofe-cbnr.com\/index.php\/wp-json\/wp\/v2\/types\/post"}],"author":[{"embeddable":true,"href":"https:\/\/zonalimitrofe-cbnr.com\/index.php\/wp-json\/wp\/v2\/users\/1"}],"replies":[{"embeddable":true,"href":"https:\/\/zonalimitrofe-cbnr.com\/index.php\/wp-json\/wp\/v2\/comments?post=16877"}],"version-history":[{"count":1,"href":"https:\/\/zonalimitrofe-cbnr.com\/index.php\/wp-json\/wp\/v2\/posts\/16877\/revisions"}],"predecessor-version":[{"id":16880,"href":"https:\/\/zonalimitrofe-cbnr.com\/index.php\/wp-json\/wp\/v2\/posts\/16877\/revisions\/16880"}],"wp:featuredmedia":[{"embeddable":true,"href":"https:\/\/zonalimitrofe-cbnr.com\/index.php\/wp-json\/wp\/v2\/media\/16879"}],"wp:attachment":[{"href":"https:\/\/zonalimitrofe-cbnr.com\/index.php\/wp-json\/wp\/v2\/media?parent=16877"}],"wp:term":[{"taxonomy":"category","embeddable":true,"href":"https:\/\/zonalimitrofe-cbnr.com\/index.php\/wp-json\/wp\/v2\/categories?post=16877"},{"taxonomy":"post_tag","embeddable":true,"href":"https:\/\/zonalimitrofe-cbnr.com\/index.php\/wp-json\/wp\/v2\/tags?post=16877"}],"curies":[{"name":"wp","href":"https:\/\/api.w.org\/{rel}","templated":true}]}}