{"id":16871,"date":"2025-02-28T16:07:45","date_gmt":"2025-02-28T22:07:45","guid":{"rendered":"https:\/\/zonalimitrofe-cbnr.com\/?p=16871"},"modified":"2025-02-28T16:07:45","modified_gmt":"2025-02-28T22:07:45","slug":"durango-esteban-y-homero-cumplen-a-lerdo-con-obras-que-mejoran-la-calidad-de-vida-de-la-gente","status":"publish","type":"post","link":"https:\/\/zonalimitrofe-cbnr.com\/index.php\/2025\/02\/28\/durango-esteban-y-homero-cumplen-a-lerdo-con-obras-que-mejoran-la-calidad-de-vida-de-la-gente\/","title":{"rendered":"#Durango. Esteban y Homero cumplen a Lerdo con obras que mejoran la calidad de vida de la gente*"},"content":{"rendered":"\n<ul>\n<li><em>&#8220;Vamos a levantar bandera blanca en cobertura de agua en Lerdo en 2025&#8221;, afirm\u00f3 el Gobernador.<\/em><\/li>\n\n\n\n<li>_ Se anunci\u00f3 el compromiso de concluir el tramo de pavimentaci\u00f3n del ejido La Luz a La Mina._<\/li>\n\n\n\n<li><em>M\u00e1s de 6.4 millones de pesos destinados a infraestructura hidr\u00e1ulica y vial.<\/em><\/li>\n<\/ul>\n\n\n\n<p>Lerdo, Dgo.- &#8220;Estamos trabajando en obras que cambian la vida de las personas en Lerdo&#8221;, afirm\u00f3 el gobernador Esteban Villegas Villarreal al entregar, junto con el alcalde Homero Mart\u00ednez Cabrera y la presidenta del DIF Municipal, Susy Torrecillas, en la entrega del c\u00e1rcamo de bombeo y la pavimentaci\u00f3n de la calle principal en la localidad de La Luz, estas acciones garantizar\u00e1n el acceso a agua potable y mejores vialidades para sus habitantes.<\/p>\n\n\n\n<p>&#8220;Vamos a levantar bandera blanca en cobertura de agua en Lerdo en 2025 y ser\u00e1 el primer municipio del estado donde ninguna comunidad carezca del l\u00edquido vital&#8221;, destac\u00f3 Villegas Villarreal. Explic\u00f3 que con la puesta en marcha del c\u00e1rcamo de bombeo, las familias de La Luz contar\u00e1n con agua potable y limpia, lo que representa un avance significativo en infraestructura h\u00eddrica para la regi\u00f3n.<\/p>\n\n\n\n<p>Adem\u00e1s, el Gobernador anunci\u00f3 el compromiso de concluir el tramo de pavimentaci\u00f3n entre el Ejido La Luz y La Mina; &#8220;Lo antes posible arrancaremos los trabajos para que puedan contar con un circuito vial completo&#8221;, asegur\u00f3. La inversi\u00f3n total en estas obras de infraestructura hidr\u00e1ulica y vial asciende a 6.4 millones de pesos, beneficiando directamente a los habitantes de esta zona.<\/p>\n\n\n\n<p>El alcalde Homero Mart\u00ednez Cabrera resalt\u00f3 que con estas acciones se hace justicia a la comunidad, ya que con el c\u00e1rcamo de bombeo dejar\u00e1n de batallar por el agua, y con la pavimentaci\u00f3n se refuerza la seguridad para quienes transitan por estas calles; &#8220;Vamos a seguir sumando esfuerzos con el Gobierno del Estado para cumplirles a los lerdenses&#8221;, expres\u00f3.<\/p>\n\n\n\n<p>La presidenta del DIF Municipal de Lerdo, Susy Torrecillas, apunt\u00f3 que se est\u00e1 trabajando de la mano del DIF Estatal y Marisol Rosso, en apoyo a las personas con discapacidad, adultos mayores, que requieran bastones, andaderas, sillas de ruedas, sillas PCI, placas dentales entre otros, los cuales ser\u00e1n otorgados de manera gratuita; \u201clo importante es apoyar a quien m\u00e1s lo necesita y en coordinaci\u00f3n con la se\u00f1ora Marisol, vamos a lograr grandes cosas\u201d.<\/p>\n\n\n\n<p>Finalmente, la comisariada ejidal, Isela Rivera Holgu\u00edn, agradeci\u00f3 a las autoridades por la entrega de estas obras que, dijo, ya son una realidad gracias al trabajo conjunto. En el recorrido estuvieron presentes el director de Obras P\u00fablicas, Juan Antonio S\u00e1nchez L\u00f3pez; el titular de la Unidad de Atracci\u00f3n de Inversi\u00f3n, Arturo Ortiz Gal\u00e1n y el subsecretario de Gobierno de la Regi\u00f3n Laguna, Ra\u00fal Meraz.<\/p>\n","protected":false},"excerpt":{"rendered":"<p>Lerdo, Dgo.- &#8220;Estamos trabajando en obras que cambian la vida de las personas en Lerdo&#8221;, afirm\u00f3 el gobernador Esteban Villegas Villarreal al entregar, junto con el alcalde Homero Mart\u00ednez Cabrera y la presidenta del DIF Municipal, Susy Torrecillas, en la entrega del c\u00e1rcamo de bombeo y la pavimentaci\u00f3n de la calle principal en la localidad [&hellip;]<\/p>\n","protected":false},"author":1,"featured_media":16872,"comment_status":"open","ping_status":"open","sticky":false,"template":"","format":"standard","meta":{"_monsterinsights_skip_tracking":false,"_monsterinsights_sitenote_active":false,"_monsterinsights_sitenote_note":"","_monsterinsights_sitenote_category":0,"footnotes":""},"categories":[1],"tags":[],"_links":{"self":[{"href":"https:\/\/zonalimitrofe-cbnr.com\/index.php\/wp-json\/wp\/v2\/posts\/16871"}],"collection":[{"href":"https:\/\/zonalimitrofe-cbnr.com\/index.php\/wp-json\/wp\/v2\/posts"}],"about":[{"href":"https:\/\/zonalimitrofe-cbnr.com\/index.php\/wp-json\/wp\/v2\/types\/post"}],"author":[{"embeddable":true,"href":"https:\/\/zonalimitrofe-cbnr.com\/index.php\/wp-json\/wp\/v2\/users\/1"}],"replies":[{"embeddable":true,"href":"https:\/\/zonalimitrofe-cbnr.com\/index.php\/wp-json\/wp\/v2\/comments?post=16871"}],"version-history":[{"count":1,"href":"https:\/\/zonalimitrofe-cbnr.com\/index.php\/wp-json\/wp\/v2\/posts\/16871\/revisions"}],"predecessor-version":[{"id":16873,"href":"https:\/\/zonalimitrofe-cbnr.com\/index.php\/wp-json\/wp\/v2\/posts\/16871\/revisions\/16873"}],"wp:featuredmedia":[{"embeddable":true,"href":"https:\/\/zonalimitrofe-cbnr.com\/index.php\/wp-json\/wp\/v2\/media\/16872"}],"wp:attachment":[{"href":"https:\/\/zonalimitrofe-cbnr.com\/index.php\/wp-json\/wp\/v2\/media?parent=16871"}],"wp:term":[{"taxonomy":"category","embeddable":true,"href":"https:\/\/zonalimitrofe-cbnr.com\/index.php\/wp-json\/wp\/v2\/categories?post=16871"},{"taxonomy":"post_tag","embeddable":true,"href":"https:\/\/zonalimitrofe-cbnr.com\/index.php\/wp-json\/wp\/v2\/tags?post=16871"}],"curies":[{"name":"wp","href":"https:\/\/api.w.org\/{rel}","templated":true}]}}