{"id":16865,"date":"2025-02-28T16:02:53","date_gmt":"2025-02-28T22:02:53","guid":{"rendered":"https:\/\/zonalimitrofe-cbnr.com\/?p=16865"},"modified":"2025-02-28T16:02:53","modified_gmt":"2025-02-28T22:02:53","slug":"lerdo-marzo-sera-historico-en-inversion-privada-para-lerdo","status":"publish","type":"post","link":"https:\/\/zonalimitrofe-cbnr.com\/index.php\/2025\/02\/28\/lerdo-marzo-sera-historico-en-inversion-privada-para-lerdo\/","title":{"rendered":"#Lerdo. MARZO SER\u00c1 HIST\u00d3RICO EN INVERSI\u00d3N PRIVADA PARA LERDO*"},"content":{"rendered":"\n<p>Lerdo, 28 de febrero 2025.- En recientes d\u00edas, el Gobernador del Estado, Esteban Villegas Villarreal, y el Presidente Municipal, Homero Mart\u00ednez Cabrera, han anunciado una serie de inversiones de iniciativa privada que generar\u00e1n una derrama econ\u00f3mica hist\u00f3rica en el municipio, con proyectos que se concretar\u00e1n durante el mes de marzo.<\/p>\n\n\n\n<p>El Presidente Municipal inform\u00f3 que, en los pr\u00f3ximos d\u00edas, se realizar\u00e1 el anuncio oficial de la llegada de una tienda de supermercado Walmart a la ciudad. Este establecimiento funcionar\u00e1 como tienda ancla para la llegada de m\u00e1s comercios, formando una plaza comercial que se ubicar\u00e1 sobre el Perif\u00e9rico de la ciudad.<\/p>\n\n\n\n<p>Por otro lado, el Gobernador del Estado ha anunciado que, durante el mes de marzo, se llevar\u00e1 a cabo la colocaci\u00f3n de la primera piedra de la planta de fertilizantes de FERMACA. Con una inversi\u00f3n hist\u00f3rica de mil millones de d\u00f3lares, esta planta se instalar\u00e1 en el ejido Sapioriz, concretando as\u00ed el anhelado proyecto de la zona industrial en el municipio.<\/p>\n\n\n\n<p>El Gobierno Municipal, en coordinaci\u00f3n con el Gobierno Estatal, reafirma su compromiso de seguir atrayendo inversiones mediante un di\u00e1logo abierto con la iniciativa privada. La intenci\u00f3n es que la obra p\u00fablica no solo impacte en el bienestar social, sino que tambi\u00e9n fortalezca el desarrollo econ\u00f3mico de Lerdo.<\/p>\n","protected":false},"excerpt":{"rendered":"<p>Lerdo, 28 de febrero 2025.- En recientes d\u00edas, el Gobernador del Estado, Esteban Villegas Villarreal, y el Presidente Municipal, Homero Mart\u00ednez Cabrera, han anunciado una serie de inversiones de iniciativa privada que generar\u00e1n una derrama econ\u00f3mica hist\u00f3rica en el municipio, con proyectos que se concretar\u00e1n durante el mes de marzo. El Presidente Municipal inform\u00f3 que, [&hellip;]<\/p>\n","protected":false},"author":1,"featured_media":16866,"comment_status":"open","ping_status":"open","sticky":false,"template":"","format":"standard","meta":{"_monsterinsights_skip_tracking":false,"_monsterinsights_sitenote_active":false,"_monsterinsights_sitenote_note":"","_monsterinsights_sitenote_category":0,"footnotes":""},"categories":[1],"tags":[],"_links":{"self":[{"href":"https:\/\/zonalimitrofe-cbnr.com\/index.php\/wp-json\/wp\/v2\/posts\/16865"}],"collection":[{"href":"https:\/\/zonalimitrofe-cbnr.com\/index.php\/wp-json\/wp\/v2\/posts"}],"about":[{"href":"https:\/\/zonalimitrofe-cbnr.com\/index.php\/wp-json\/wp\/v2\/types\/post"}],"author":[{"embeddable":true,"href":"https:\/\/zonalimitrofe-cbnr.com\/index.php\/wp-json\/wp\/v2\/users\/1"}],"replies":[{"embeddable":true,"href":"https:\/\/zonalimitrofe-cbnr.com\/index.php\/wp-json\/wp\/v2\/comments?post=16865"}],"version-history":[{"count":1,"href":"https:\/\/zonalimitrofe-cbnr.com\/index.php\/wp-json\/wp\/v2\/posts\/16865\/revisions"}],"predecessor-version":[{"id":16867,"href":"https:\/\/zonalimitrofe-cbnr.com\/index.php\/wp-json\/wp\/v2\/posts\/16865\/revisions\/16867"}],"wp:featuredmedia":[{"embeddable":true,"href":"https:\/\/zonalimitrofe-cbnr.com\/index.php\/wp-json\/wp\/v2\/media\/16866"}],"wp:attachment":[{"href":"https:\/\/zonalimitrofe-cbnr.com\/index.php\/wp-json\/wp\/v2\/media?parent=16865"}],"wp:term":[{"taxonomy":"category","embeddable":true,"href":"https:\/\/zonalimitrofe-cbnr.com\/index.php\/wp-json\/wp\/v2\/categories?post=16865"},{"taxonomy":"post_tag","embeddable":true,"href":"https:\/\/zonalimitrofe-cbnr.com\/index.php\/wp-json\/wp\/v2\/tags?post=16865"}],"curies":[{"name":"wp","href":"https:\/\/api.w.org\/{rel}","templated":true}]}}