{"id":16838,"date":"2025-02-27T14:52:58","date_gmt":"2025-02-27T20:52:58","guid":{"rendered":"https:\/\/zonalimitrofe-cbnr.com\/?p=16838"},"modified":"2025-02-27T14:52:58","modified_gmt":"2025-02-27T20:52:58","slug":"durango-gobierno-de-esteban-te-invita-a-disfrutar-de-la-alineacion-planetaria-en-el-tecuan-con-guia-de-expertos","status":"publish","type":"post","link":"https:\/\/zonalimitrofe-cbnr.com\/index.php\/2025\/02\/27\/durango-gobierno-de-esteban-te-invita-a-disfrutar-de-la-alineacion-planetaria-en-el-tecuan-con-guia-de-expertos\/","title":{"rendered":"#Durango.Gobierno de Esteban te invita a disfrutar de la Alineaci\u00f3n Planetaria en El Tecu\u00e1n con gu\u00eda de expertos*"},"content":{"rendered":"\n<p>El Gobierno del Estado de Durango, a trav\u00e9s de la Secretar\u00eda de Recursos Naturales y Medio Ambiente (SRNyMA), en colaboraci\u00f3n con Cazadores de Estrellas y el Consejo de Ciencia y Tecnolog\u00eda, invita a los duranguenses a presenciar la alineaci\u00f3n planetaria desde el Parque Ecol\u00f3gico El Tecu\u00e1n. Este fen\u00f3meno astron\u00f3mico, que no se repetir\u00e1 en los pr\u00f3ximos 400 a\u00f1os, podr\u00e1 admirarse con la gu\u00eda de especialistas y el apoyo de telescopios instalados en el parque.<\/p>\n\n\n\n<p>Los asistentes podr\u00e1n disfrutar de diversas actividades y al mismo tiempo aprovechar esta oportunidad \u00fanica para conocer m\u00e1s sobre el universo en un entorno natural inigualable.<\/p>\n\n\n\n<p><em>Fechas y horarios de salida<\/em><\/p>\n\n\n\n<ul>\n<li>Viernes 28 de febrero: Salida a las 16:00 horas desde la Plaza de Armas, con regreso a las 22:00 horas.<\/li>\n\n\n\n<li>S\u00e1bado 1 de marzo: Salida a las 6:00 horas y retorno a las 12:00 horas.<\/li>\n<\/ul>\n","protected":false},"excerpt":{"rendered":"<p>El Gobierno del Estado de Durango, a trav\u00e9s de la Secretar\u00eda de Recursos Naturales y Medio Ambiente (SRNyMA), en colaboraci\u00f3n con Cazadores de Estrellas y el Consejo de Ciencia y Tecnolog\u00eda, invita a los duranguenses a presenciar la alineaci\u00f3n planetaria desde el Parque Ecol\u00f3gico El Tecu\u00e1n. Este fen\u00f3meno astron\u00f3mico, que no se repetir\u00e1 en los [&hellip;]<\/p>\n","protected":false},"author":1,"featured_media":16839,"comment_status":"open","ping_status":"open","sticky":false,"template":"","format":"standard","meta":{"_monsterinsights_skip_tracking":false,"_monsterinsights_sitenote_active":false,"_monsterinsights_sitenote_note":"","_monsterinsights_sitenote_category":0,"footnotes":""},"categories":[1],"tags":[],"_links":{"self":[{"href":"https:\/\/zonalimitrofe-cbnr.com\/index.php\/wp-json\/wp\/v2\/posts\/16838"}],"collection":[{"href":"https:\/\/zonalimitrofe-cbnr.com\/index.php\/wp-json\/wp\/v2\/posts"}],"about":[{"href":"https:\/\/zonalimitrofe-cbnr.com\/index.php\/wp-json\/wp\/v2\/types\/post"}],"author":[{"embeddable":true,"href":"https:\/\/zonalimitrofe-cbnr.com\/index.php\/wp-json\/wp\/v2\/users\/1"}],"replies":[{"embeddable":true,"href":"https:\/\/zonalimitrofe-cbnr.com\/index.php\/wp-json\/wp\/v2\/comments?post=16838"}],"version-history":[{"count":1,"href":"https:\/\/zonalimitrofe-cbnr.com\/index.php\/wp-json\/wp\/v2\/posts\/16838\/revisions"}],"predecessor-version":[{"id":16840,"href":"https:\/\/zonalimitrofe-cbnr.com\/index.php\/wp-json\/wp\/v2\/posts\/16838\/revisions\/16840"}],"wp:featuredmedia":[{"embeddable":true,"href":"https:\/\/zonalimitrofe-cbnr.com\/index.php\/wp-json\/wp\/v2\/media\/16839"}],"wp:attachment":[{"href":"https:\/\/zonalimitrofe-cbnr.com\/index.php\/wp-json\/wp\/v2\/media?parent=16838"}],"wp:term":[{"taxonomy":"category","embeddable":true,"href":"https:\/\/zonalimitrofe-cbnr.com\/index.php\/wp-json\/wp\/v2\/categories?post=16838"},{"taxonomy":"post_tag","embeddable":true,"href":"https:\/\/zonalimitrofe-cbnr.com\/index.php\/wp-json\/wp\/v2\/tags?post=16838"}],"curies":[{"name":"wp","href":"https:\/\/api.w.org\/{rel}","templated":true}]}}