{"id":16829,"date":"2025-02-27T14:43:56","date_gmt":"2025-02-27T20:43:56","guid":{"rendered":"https:\/\/zonalimitrofe-cbnr.com\/?p=16829"},"modified":"2025-02-27T14:43:56","modified_gmt":"2025-02-27T20:43:56","slug":"durango-con-aplicaciones-tecnologicas-en-educacion-como-cura-padres-logran-mayor-cuidado-y-atencion-de-sus-hijos-esteban","status":"publish","type":"post","link":"https:\/\/zonalimitrofe-cbnr.com\/index.php\/2025\/02\/27\/durango-con-aplicaciones-tecnologicas-en-educacion-como-cura-padres-logran-mayor-cuidado-y-atencion-de-sus-hijos-esteban\/","title":{"rendered":"#Durango. Con aplicaciones tecnol\u00f3gicas en educaci\u00f3n como CURA, padres logran mayor cuidado y atenci\u00f3n de sus hijos: Esteban*"},"content":{"rendered":"\n<ul>\n<li><em>El Mandatario resalt\u00f3 que adem\u00e1s existen las aulas digitales en el escuelas; herramientas gratuitas desarrolladas por su gobierno.<\/em><\/li>\n\n\n\n<li><em>En su gira de trabajo por la Laguna, se reuni\u00f3 con padres de familia de alumnos del COBAED; el 79% ya descarg\u00f3 la aplicaci\u00f3n.<\/em><\/li>\n\n\n\n<li><em>CURA permite a los padres recibir notificaciones en tiempo real sobre asistencias, calificaciones y alertas escolares.<\/em><\/li>\n<\/ul>\n\n\n\n<p>G\u00f3mez Palacio, Durango.- Padres de familia del Colegio de Bachilleres de Durango (COBAED) plantel 35, participaron en una reuni\u00f3n informativa sobre los beneficios del programa CURA, dise\u00f1ado para fortalecer la comunicaci\u00f3n entre las instituciones educativas y los tutores. En el evento estuvieron presentes el gobernador Esteban Villegas Villarreal, la presidenta municipal Leticia Herrera Ale, y autoridades educativas del estado.<\/p>\n\n\n\n<p>Durante su intervenci\u00f3n, el Gobernador destac\u00f3 la importancia de este sistema, el cual ya ha despertado inter\u00e9s a nivel nacional; &#8220;este programa lo acaba de ver la Presidenta de la Rep\u00fablica y el secretario de Educaci\u00f3n y nos lo est\u00e1n pidiendo porque est\u00e1 ayudando mucho a que los pap\u00e1s, sobre todo las mam\u00e1s, tengan un contacto con mayor cercan\u00eda con sus hijos y sepan lo que est\u00e1 pasando con ellos en la escuela&#8221;. Explic\u00f3 que CURA permite a los tutores recibir notificaciones en tiempo real sobre asistencias, calificaciones y otras alertas relevantes para la educaci\u00f3n de los alumnos.<\/p>\n\n\n\n<p>Por su parte, Sonia Flores Arce, directora general del COBAED, resalt\u00f3 la visi\u00f3n del gobernador para mejorar la educaci\u00f3n mediante herramientas tecnol\u00f3gicas; &#8220;hoy tenemos una aplicaci\u00f3n llamada CURA, resultado de la gran visi\u00f3n que tiene nuestro gobernador. Esta herramienta nos permite estar pendientes de lo m\u00e1s valioso que tenemos, que son nuestros hijos&#8221;. Adem\u00e1s, subray\u00f3 que el 79 por ciento de los padres de familia ya han descargado la aplicaci\u00f3n y reiter\u00f3 el compromiso de llegar al cien por ciento.<\/p>\n\n\n\n<p>Jes\u00fas Miramontes Santacruz, padre de familia, expres\u00f3 su entusiasmo por la implementaci\u00f3n de este sistema y exhort\u00f3 a otros paterfamilias a utilizarlo; &#8220;con esta aplicaci\u00f3n podremos ver detalladamente, desde la comodidad de nuestro hogar, si nuestros hijos est\u00e1n cumpliendo con sus responsabilidades escolares. Ya no m\u00e1s mentiras, ahora podremos ver si hacen sus tareas o si vienen a clases&#8221;. Asimismo, inst\u00f3 a los estudiantes a valorar el esfuerzo de sus padres y evitar malos h\u00e1bitos.<\/p>\n\n\n\n<p>En su mensaje, la presidenta municipal de G\u00f3mez Palacio, Leticia Herrera Ale, destac\u00f3 la importancia de esta iniciativa en la educaci\u00f3n y la seguridad de los j\u00f3venes; &#8220;esta aplicaci\u00f3n estrecha la comunicaci\u00f3n entre la instituci\u00f3n y los padres de familia. Estoy convencida de que fortalecer\u00e1 la informaci\u00f3n sobre cualquier situaci\u00f3n que pueda requerir atenci\u00f3n especial&#8221;. Adem\u00e1s, reafirm\u00f3 su compromiso de trabajar coordinadamente con el gobernador para mejorar la calidad educativa en la regi\u00f3n.<\/p>\n\n\n\n<p>Entre las autoridades presentes estuvieron Guillermo Adame, secretario de Educaci\u00f3n; Ra\u00fal Meraz, subsecretario de Gobierno Regi\u00f3n Laguna; Susy Torrecillas, presidenta del DIF Municipal de Lerdo; y Walter Alberto M\u00e9ndez, secretario general del Sindicato del Colegio de Bachilleres, todos coincidieron en que CURA representa un avance significativo para la educaci\u00f3n media superior en el estado.<\/p>\n","protected":false},"excerpt":{"rendered":"<p>G\u00f3mez Palacio, Durango.- Padres de familia del Colegio de Bachilleres de Durango (COBAED) plantel 35, participaron en una reuni\u00f3n informativa sobre los beneficios del programa CURA, dise\u00f1ado para fortalecer la comunicaci\u00f3n entre las instituciones educativas y los tutores. En el evento estuvieron presentes el gobernador Esteban Villegas Villarreal, la presidenta municipal Leticia Herrera Ale, y [&hellip;]<\/p>\n","protected":false},"author":1,"featured_media":16830,"comment_status":"open","ping_status":"open","sticky":false,"template":"","format":"standard","meta":{"_monsterinsights_skip_tracking":false,"_monsterinsights_sitenote_active":false,"_monsterinsights_sitenote_note":"","_monsterinsights_sitenote_category":0,"footnotes":""},"categories":[1],"tags":[],"_links":{"self":[{"href":"https:\/\/zonalimitrofe-cbnr.com\/index.php\/wp-json\/wp\/v2\/posts\/16829"}],"collection":[{"href":"https:\/\/zonalimitrofe-cbnr.com\/index.php\/wp-json\/wp\/v2\/posts"}],"about":[{"href":"https:\/\/zonalimitrofe-cbnr.com\/index.php\/wp-json\/wp\/v2\/types\/post"}],"author":[{"embeddable":true,"href":"https:\/\/zonalimitrofe-cbnr.com\/index.php\/wp-json\/wp\/v2\/users\/1"}],"replies":[{"embeddable":true,"href":"https:\/\/zonalimitrofe-cbnr.com\/index.php\/wp-json\/wp\/v2\/comments?post=16829"}],"version-history":[{"count":1,"href":"https:\/\/zonalimitrofe-cbnr.com\/index.php\/wp-json\/wp\/v2\/posts\/16829\/revisions"}],"predecessor-version":[{"id":16831,"href":"https:\/\/zonalimitrofe-cbnr.com\/index.php\/wp-json\/wp\/v2\/posts\/16829\/revisions\/16831"}],"wp:featuredmedia":[{"embeddable":true,"href":"https:\/\/zonalimitrofe-cbnr.com\/index.php\/wp-json\/wp\/v2\/media\/16830"}],"wp:attachment":[{"href":"https:\/\/zonalimitrofe-cbnr.com\/index.php\/wp-json\/wp\/v2\/media?parent=16829"}],"wp:term":[{"taxonomy":"category","embeddable":true,"href":"https:\/\/zonalimitrofe-cbnr.com\/index.php\/wp-json\/wp\/v2\/categories?post=16829"},{"taxonomy":"post_tag","embeddable":true,"href":"https:\/\/zonalimitrofe-cbnr.com\/index.php\/wp-json\/wp\/v2\/tags?post=16829"}],"curies":[{"name":"wp","href":"https:\/\/api.w.org\/{rel}","templated":true}]}}