{"id":1682,"date":"2024-02-12T14:40:47","date_gmt":"2024-02-12T20:40:47","guid":{"rendered":"https:\/\/zonalimitrofe-cbnr.com\/?p=1682"},"modified":"2024-02-12T14:40:48","modified_gmt":"2024-02-12T20:40:48","slug":"lerdo-jornada-del-empleo","status":"publish","type":"post","link":"https:\/\/zonalimitrofe-cbnr.com\/index.php\/2024\/02\/12\/lerdo-jornada-del-empleo\/","title":{"rendered":"#Lerdo.  JORNADA DEL EMPLEO"},"content":{"rendered":"\n<p>Lerdo, 12 de febrero 2024.- La direcci\u00f3n de Fomento Econ\u00f3mico, en coordinaci\u00f3n con empresas de la regi\u00f3n, y por instrucciones del Presidente Municipal Homero Mart\u00ednez, llevar\u00e1n a cabo una nueva edici\u00f3n del programa &#8216;Jornadas de Empleo&#8217;, el martes 13 de febrero, en la Plaza Principal de la Ciudad, a partir de las 9:00 de la ma\u00f1ana.<\/p>\n\n\n\n<p>En esta d\u00e9cima edici\u00f3n, ser\u00e1n KUKA HOME, ZF, TEMSA, Grupo LALA, SEARS y Reforma Cobranza Legal, quienes ofertar\u00e1n una serie de vacantes disponibles en sus diversas sucursales, buscando a los mejores prospectos.<\/p>\n\n\n\n<p>La titular del departamento de Bolsa de Trabajo, Yuridia Palacios, hizo la invitaci\u00f3n a los buscadores de empleo, interesados en conseguir un empleo formal, con prestaciones de ley y alcanzar una estabilidad econ\u00f3mica.<\/p>\n\n\n\n<p>Es importante asistir con solicitud de empleo previamente elaborada o curr\u00edculum vitae, adem\u00e1s de copias de documentos oficiales como, identificaci\u00f3n oficial con fotograf\u00eda (INE), CURP y comprobante de domicilio. Es importante contar con buena imagen para la entrevista laboral y la disposici\u00f3n para ser contratados de manera inmediata.<\/p>\n","protected":false},"excerpt":{"rendered":"<p>Lerdo, 12 de febrero 2024.- La direcci\u00f3n de Fomento Econ\u00f3mico, en coordinaci\u00f3n con empresas de la regi\u00f3n, y por instrucciones del Presidente Municipal Homero Mart\u00ednez, llevar\u00e1n a cabo una nueva edici\u00f3n del programa &#8216;Jornadas de Empleo&#8217;, el martes 13 de febrero, en la Plaza Principal de la Ciudad, a partir de las 9:00 de la [&hellip;]<\/p>\n","protected":false},"author":1,"featured_media":1683,"comment_status":"open","ping_status":"open","sticky":false,"template":"","format":"standard","meta":{"_monsterinsights_skip_tracking":false,"_monsterinsights_sitenote_active":false,"_monsterinsights_sitenote_note":"","_monsterinsights_sitenote_category":0,"footnotes":""},"categories":[1],"tags":[],"_links":{"self":[{"href":"https:\/\/zonalimitrofe-cbnr.com\/index.php\/wp-json\/wp\/v2\/posts\/1682"}],"collection":[{"href":"https:\/\/zonalimitrofe-cbnr.com\/index.php\/wp-json\/wp\/v2\/posts"}],"about":[{"href":"https:\/\/zonalimitrofe-cbnr.com\/index.php\/wp-json\/wp\/v2\/types\/post"}],"author":[{"embeddable":true,"href":"https:\/\/zonalimitrofe-cbnr.com\/index.php\/wp-json\/wp\/v2\/users\/1"}],"replies":[{"embeddable":true,"href":"https:\/\/zonalimitrofe-cbnr.com\/index.php\/wp-json\/wp\/v2\/comments?post=1682"}],"version-history":[{"count":1,"href":"https:\/\/zonalimitrofe-cbnr.com\/index.php\/wp-json\/wp\/v2\/posts\/1682\/revisions"}],"predecessor-version":[{"id":1684,"href":"https:\/\/zonalimitrofe-cbnr.com\/index.php\/wp-json\/wp\/v2\/posts\/1682\/revisions\/1684"}],"wp:featuredmedia":[{"embeddable":true,"href":"https:\/\/zonalimitrofe-cbnr.com\/index.php\/wp-json\/wp\/v2\/media\/1683"}],"wp:attachment":[{"href":"https:\/\/zonalimitrofe-cbnr.com\/index.php\/wp-json\/wp\/v2\/media?parent=1682"}],"wp:term":[{"taxonomy":"category","embeddable":true,"href":"https:\/\/zonalimitrofe-cbnr.com\/index.php\/wp-json\/wp\/v2\/categories?post=1682"},{"taxonomy":"post_tag","embeddable":true,"href":"https:\/\/zonalimitrofe-cbnr.com\/index.php\/wp-json\/wp\/v2\/tags?post=1682"}],"curies":[{"name":"wp","href":"https:\/\/api.w.org\/{rel}","templated":true}]}}