{"id":16807,"date":"2025-02-26T18:27:24","date_gmt":"2025-02-27T00:27:24","guid":{"rendered":"https:\/\/zonalimitrofe-cbnr.com\/?p=16807"},"modified":"2025-02-26T18:27:24","modified_gmt":"2025-02-27T00:27:24","slug":"lerdo-asiste-homero-martinez-cabrera-a-reunion-del-mando-especial","status":"publish","type":"post","link":"https:\/\/zonalimitrofe-cbnr.com\/index.php\/2025\/02\/26\/lerdo-asiste-homero-martinez-cabrera-a-reunion-del-mando-especial\/","title":{"rendered":"#Lerdo. ASISTE HOMERO MART\u00cdNEZ CABRERA A REUNI\u00d3N DEL MANDO ESPECIAL*"},"content":{"rendered":"\n<p>Lerdo, 26 de febrero 2025.- Este mi\u00e9rcoles, el Presidente Municipal de Lerdo, Homero Mart\u00ednez Cabrera, particip\u00f3 en la reuni\u00f3n mensual del Mando Especial de La Laguna. Este encuentro tiene como prop\u00f3sito revisar, analizar y coordinar estrategias de seguridad en beneficio de los habitantes de Lerdo, G\u00f3mez Palacio, Torre\u00f3n y Matamoros.<\/p>\n\n\n\n<p>Durante la sesi\u00f3n, se abordaron diversas estrategias que ser\u00e1n implementadas en los pr\u00f3ximos d\u00edas para reforzar la seguridad en la regi\u00f3n. Adem\u00e1s, se realiz\u00f3 un an\u00e1lisis detallado de la situaci\u00f3n actual en materia de seguridad, identificando \u00e1reas de oportunidad para fortalecer la coordinaci\u00f3n entre los diferentes \u00f3rdenes de gobierno.<\/p>\n\n\n\n<p>El Alcalde Homero Mart\u00ednez destac\u00f3 la importancia del trabajo realizado por el Mando Especial de La Laguna y reafirm\u00f3 su compromiso con mantener un di\u00e1logo constante para garantizar la seguridad en la regi\u00f3n. Subray\u00f3 que la prioridad del gobernador Esteban Villegas es la seguridad de los ciudadanos, por lo que seguir\u00e1 impulsando acciones conjuntas en este rubro.<\/p>\n\n\n\n<p>Finalmente, reiter\u00f3 su disposici\u00f3n para colaborar con las autoridades estatales y federales en la implementaci\u00f3n de estrategias que fortalezcan la paz y el bienestar de la poblaci\u00f3n. Asegur\u00f3 que la coordinaci\u00f3n entre los diferentes niveles de gobierno es clave para mantener una regi\u00f3n segura y en desarrollo.<\/p>\n","protected":false},"excerpt":{"rendered":"<p>Lerdo, 26 de febrero 2025.- Este mi\u00e9rcoles, el Presidente Municipal de Lerdo, Homero Mart\u00ednez Cabrera, particip\u00f3 en la reuni\u00f3n mensual del Mando Especial de La Laguna. Este encuentro tiene como prop\u00f3sito revisar, analizar y coordinar estrategias de seguridad en beneficio de los habitantes de Lerdo, G\u00f3mez Palacio, Torre\u00f3n y Matamoros. Durante la sesi\u00f3n, se abordaron [&hellip;]<\/p>\n","protected":false},"author":1,"featured_media":16808,"comment_status":"open","ping_status":"open","sticky":false,"template":"","format":"standard","meta":{"_monsterinsights_skip_tracking":false,"_monsterinsights_sitenote_active":false,"_monsterinsights_sitenote_note":"","_monsterinsights_sitenote_category":0,"footnotes":""},"categories":[1],"tags":[],"_links":{"self":[{"href":"https:\/\/zonalimitrofe-cbnr.com\/index.php\/wp-json\/wp\/v2\/posts\/16807"}],"collection":[{"href":"https:\/\/zonalimitrofe-cbnr.com\/index.php\/wp-json\/wp\/v2\/posts"}],"about":[{"href":"https:\/\/zonalimitrofe-cbnr.com\/index.php\/wp-json\/wp\/v2\/types\/post"}],"author":[{"embeddable":true,"href":"https:\/\/zonalimitrofe-cbnr.com\/index.php\/wp-json\/wp\/v2\/users\/1"}],"replies":[{"embeddable":true,"href":"https:\/\/zonalimitrofe-cbnr.com\/index.php\/wp-json\/wp\/v2\/comments?post=16807"}],"version-history":[{"count":1,"href":"https:\/\/zonalimitrofe-cbnr.com\/index.php\/wp-json\/wp\/v2\/posts\/16807\/revisions"}],"predecessor-version":[{"id":16809,"href":"https:\/\/zonalimitrofe-cbnr.com\/index.php\/wp-json\/wp\/v2\/posts\/16807\/revisions\/16809"}],"wp:featuredmedia":[{"embeddable":true,"href":"https:\/\/zonalimitrofe-cbnr.com\/index.php\/wp-json\/wp\/v2\/media\/16808"}],"wp:attachment":[{"href":"https:\/\/zonalimitrofe-cbnr.com\/index.php\/wp-json\/wp\/v2\/media?parent=16807"}],"wp:term":[{"taxonomy":"category","embeddable":true,"href":"https:\/\/zonalimitrofe-cbnr.com\/index.php\/wp-json\/wp\/v2\/categories?post=16807"},{"taxonomy":"post_tag","embeddable":true,"href":"https:\/\/zonalimitrofe-cbnr.com\/index.php\/wp-json\/wp\/v2\/tags?post=16807"}],"curies":[{"name":"wp","href":"https:\/\/api.w.org\/{rel}","templated":true}]}}