{"id":16804,"date":"2025-02-26T18:25:44","date_gmt":"2025-02-27T00:25:44","guid":{"rendered":"https:\/\/zonalimitrofe-cbnr.com\/?p=16804"},"modified":"2025-02-26T18:25:45","modified_gmt":"2025-02-27T00:25:45","slug":"durango-listos-eventos-turisticos-deportivos-y-culturales-preparados-por-gobierno-de-esteban-para-el-disfrute-de-todos","status":"publish","type":"post","link":"https:\/\/zonalimitrofe-cbnr.com\/index.php\/2025\/02\/26\/durango-listos-eventos-turisticos-deportivos-y-culturales-preparados-por-gobierno-de-esteban-para-el-disfrute-de-todos\/","title":{"rendered":"#Durango. Listos eventos tur\u00edsticos, deportivos y culturales preparados por Gobierno de Esteban para el disfrute de todos*"},"content":{"rendered":"\n<ul>\n<li><em>Se llevar\u00e1n a cabo eventos astron\u00f3micos, festivales culturales, congresos y competencias deportivas: Secretar\u00eda de Turismo.<\/em><\/li>\n\n\n\n<li><em>Durante marzo, Durango contar\u00e1 con eventos clave que generar\u00e1n derrama econ\u00f3mica en la entidad.<\/em><\/li>\n<\/ul>\n\n\n\n<p>El Gobierno del Estado contin\u00faa fortaleciendo el turismo, el deporte y la cultura con una agenda de actividades dirigidas tanto a visitantes como a los duranguenses, destac\u00f3 la titular de la Secretar\u00eda de Turismo, Elisa Haro Ru\u00edz, al dar a conocer los eventos programados para marzo. En conferencia de prensa, acompa\u00f1ada por el director del Instituto de Cultura (ICED), Francisco P\u00e9rez Meza; el titular del Instituto Estatal del Deporte, C\u00e9sar C\u00e1rdenas; y el director de Protecci\u00f3n Civil, Arturo Galindo Cabada, Haro Ru\u00edz subray\u00f3 que el gobernador Esteban Villegas Villarreal tiene un firme compromiso con la generaci\u00f3n de turismo y el impulso a la econom\u00eda de los prestadores de servicios en los municipios.<\/p>\n\n\n\n<p>Este 28 de febrero, Durango ser\u00e1 escenario de un fen\u00f3meno astron\u00f3mico con la alineaci\u00f3n de planetas, para lo cual se han organizado dos eventos especiales: &#8220;Volc\u00e1n, paella y vino&#8221;, en el Volc\u00e1n El Jag\u00fcey, impulsado por una tour operadora; y &#8220;Tecu\u00e1n bajo las estrellas&#8221;, coordinado por la Secretar\u00eda de Recursos Naturales y Medio Ambiente, con el prop\u00f3sito de observar este espect\u00e1culo celeste. Asimismo, Haro Ru\u00edz inform\u00f3 que ya ha comenzado la promoci\u00f3n tur\u00edstica para Semana Santa, con especial \u00e9nfasis en el ecoturismo y las actividades que se desarrollar\u00e1n en Durango capital y los municipios.<\/p>\n\n\n\n<p>El mes de marzo marcar\u00e1 el inicio de la temporada 1\/8 de milla 2025, adem\u00e1s de albergar el Congreso Nacional de Salvamento y Rescate Acu\u00e1tico, que se celebrar\u00e1 del 11 al 16 de marzo en la Alberca 450. El coordinador estatal de Protecci\u00f3n Civil, Arturo Galindo Cabada, detall\u00f3 que este evento est\u00e1 dirigido a rescatistas, guardavidas, instructores y p\u00fablico en general. Destac\u00f3 que, por primera vez, el congreso se realizar\u00e1 en una entidad sin litoral, gracias a la infraestructura deportiva de Durango. Ser\u00e1 organizado por el Grupo Interdisciplinario de Guardavidas Acu\u00e1ticos, con respaldo de la Federaci\u00f3n Mexicana de Salvamento y Rescate Acu\u00e1tico y la International Life Saving Federation.<\/p>\n\n\n\n<p>Por su parte, el titular del Instituto Estatal del Deporte anunci\u00f3 que en marzo se llevar\u00e1n a cabo los Calendarios Estatales rumbo a los Nacionales CONADE 2025, con competencias en disciplinas como lucha, b\u00e1squetbol, b\u00e9isbol, voleibol, ajedrez, boxeo, tenis de mesa, taekwondo y s\u00f3ftbol. Se espera la participaci\u00f3n de m\u00e1s de dos mil j\u00f3venes atletas. Asimismo, Durango ser\u00e1 sede del Campeonato Nacional de B\u00e1squetbol ADEMEBA 2025 en la categor\u00eda U16 femenil, del 5 al 9 de marzo.<\/p>\n\n\n\n<p>El director del ICED, Francisco P\u00e9rez Meza, inform\u00f3 que marzo contar\u00e1 con un amplio calendario cultural. En el segundo puente largo del a\u00f1o, del 14 al 17 de marzo, se celebrar\u00e1 el Primer Festival de las Culturas Populares de Durango, donde se reconocer\u00e1 a los artesanos locales, habr\u00e1 talleres, una muestra gastron\u00f3mica y una ceremonia en honor al Se\u00f1or San Jos\u00e9, adem\u00e1s de la entrega del Premio de Artesan\u00edas &#8220;Prof. Santos Vega Camargo&#8221;.<\/p>\n\n\n\n<p>Adicionalmente, cada domingo se realizar\u00e1n callejoneadas, proyecciones de cine, bailes y conciertos. Tambi\u00e9n continuar\u00e1n los recorridos del programa &#8220;Enam\u00f3rate de Durango&#8221;, con visitas guiadas a San Juan del R\u00edo, Nombre de Dios y Nuevo Ideal, con un costo de $200 por persona.<\/p>\n\n\n\n<p>El Teatro Ricardo Castro presentar\u00e1 una programaci\u00f3n variada que incluye tributos, obras teatrales y conciertos, destacando &#8220;La Dama de Negro&#8221;, el Trova Tour con la participaci\u00f3n del cantautor Fato y la presentaci\u00f3n del Mariachi Vargas. Asimismo, el ICED participar\u00e1 en el 17\u00b0 Gran Marat\u00f3n Nacional de Teatro para Ni\u00f1as, Ni\u00f1os y J\u00f3venes, con obras como &#8220;Rotten Hamlet&#8221; y &#8220;El Silencio de J\u00fapiter&#8221;, programadas para el 15 de marzo.<\/p>\n\n\n\n<p>Con esta diversidad de eventos, el Gobierno del Estado refuerza su compromiso de impulsar el turismo, el deporte y la cultura, atrayendo m\u00e1s visitantes y generando un impacto positivo en la econom\u00eda de Durango.<\/p>\n","protected":false},"excerpt":{"rendered":"<p>El Gobierno del Estado contin\u00faa fortaleciendo el turismo, el deporte y la cultura con una agenda de actividades dirigidas tanto a visitantes como a los duranguenses, destac\u00f3 la titular de la Secretar\u00eda de Turismo, Elisa Haro Ru\u00edz, al dar a conocer los eventos programados para marzo. En conferencia de prensa, acompa\u00f1ada por el director del [&hellip;]<\/p>\n","protected":false},"author":1,"featured_media":16805,"comment_status":"open","ping_status":"open","sticky":false,"template":"","format":"standard","meta":{"_monsterinsights_skip_tracking":false,"_monsterinsights_sitenote_active":false,"_monsterinsights_sitenote_note":"","_monsterinsights_sitenote_category":0,"footnotes":""},"categories":[1],"tags":[],"_links":{"self":[{"href":"https:\/\/zonalimitrofe-cbnr.com\/index.php\/wp-json\/wp\/v2\/posts\/16804"}],"collection":[{"href":"https:\/\/zonalimitrofe-cbnr.com\/index.php\/wp-json\/wp\/v2\/posts"}],"about":[{"href":"https:\/\/zonalimitrofe-cbnr.com\/index.php\/wp-json\/wp\/v2\/types\/post"}],"author":[{"embeddable":true,"href":"https:\/\/zonalimitrofe-cbnr.com\/index.php\/wp-json\/wp\/v2\/users\/1"}],"replies":[{"embeddable":true,"href":"https:\/\/zonalimitrofe-cbnr.com\/index.php\/wp-json\/wp\/v2\/comments?post=16804"}],"version-history":[{"count":1,"href":"https:\/\/zonalimitrofe-cbnr.com\/index.php\/wp-json\/wp\/v2\/posts\/16804\/revisions"}],"predecessor-version":[{"id":16806,"href":"https:\/\/zonalimitrofe-cbnr.com\/index.php\/wp-json\/wp\/v2\/posts\/16804\/revisions\/16806"}],"wp:featuredmedia":[{"embeddable":true,"href":"https:\/\/zonalimitrofe-cbnr.com\/index.php\/wp-json\/wp\/v2\/media\/16805"}],"wp:attachment":[{"href":"https:\/\/zonalimitrofe-cbnr.com\/index.php\/wp-json\/wp\/v2\/media?parent=16804"}],"wp:term":[{"taxonomy":"category","embeddable":true,"href":"https:\/\/zonalimitrofe-cbnr.com\/index.php\/wp-json\/wp\/v2\/categories?post=16804"},{"taxonomy":"post_tag","embeddable":true,"href":"https:\/\/zonalimitrofe-cbnr.com\/index.php\/wp-json\/wp\/v2\/tags?post=16804"}],"curies":[{"name":"wp","href":"https:\/\/api.w.org\/{rel}","templated":true}]}}