{"id":16792,"date":"2025-02-26T18:07:32","date_gmt":"2025-02-27T00:07:32","guid":{"rendered":"https:\/\/zonalimitrofe-cbnr.com\/?p=16792"},"modified":"2025-02-26T18:07:32","modified_gmt":"2025-02-27T00:07:32","slug":"uadec-participa-uadec-en-la-reunion-del-consejo-ciudadano-para-el-combate-de-incendios-forestales","status":"publish","type":"post","link":"https:\/\/zonalimitrofe-cbnr.com\/index.php\/2025\/02\/26\/uadec-participa-uadec-en-la-reunion-del-consejo-ciudadano-para-el-combate-de-incendios-forestales\/","title":{"rendered":"#UAdeC. Participa UAdeC en la Reuni\u00f3n del Consejo Ciudadano para el Combate de Incendios Forestales"},"content":{"rendered":"\n<p>SALTILLO, Coahuila. 26 de febrero de 2025. Este mi\u00e9rcoles el rector de la Universidad Aut\u00f3noma de Coahuila, Octavio Pimentel Mart\u00ednez, particip\u00f3 en la Reuni\u00f3n del Consejo Ciudadano para el Combate de Incendios Forestales, convocada por la Secretar\u00eda de Medio Ambiente de Coahuila, y en la cual tom\u00f3 protesta como representante de la UAdeC.<\/p>\n\n\n\n<p>El Consejo Ciudadano tiene como objetivo la implementaci\u00f3n de estrategias de prevenci\u00f3n y respuesta ante siniestros, por lo que durante la sesi\u00f3n se dio seguimiento al Programa Estatal de Combate de Incendios Forestales y al Protocolo de Atenci\u00f3n Inmediata, con el fin de establecer medidas que mitiguen los impactos negativos en los ecosistemas de la regi\u00f3n.<\/p>\n\n\n\n<p>La reuni\u00f3n se llev\u00f3 a cabo en el Patio Central de Palacio de Gobierno y fue presidida por el gobernador de Coahuila, Manolo Jim\u00e9nez Salinas, asistieron el secretario de Gobierno, Oscar Pimentel Gonz\u00e1lez; el presidente del Tribunal Superior de Justicia, Miguel Mery Ayup; la secretaria de Medio Ambiente, Susana Estens de la Garza.<\/p>\n\n\n\n<p>As\u00ed como el comandante y coordinador de la Onceava Brigada de la Polic\u00eda Militar Guardia Nacional en Coahuila, General de Brigada Jos\u00e9 Luis Sedano Ram\u00edrez; el comandante de la Sexta Zona Militar, General de Brigada Jes\u00fas Alejandro Adame Cabrera; el suplente legal del titular de la Promotor\u00eda de Desarrollo Forestal de la CONAFOR Coahuila, Erick Ricardo Covarrubias Aguirre; el director de Amigos de la Sierra A.C., David Valladares S\u00e1nchez; presidentes municipales y representantes de organismos civiles.<\/p>\n\n\n\n<p>Durante el encuentro, se destac\u00f3 la importancia de la coordinaci\u00f3n entre los tres \u00f3rdenes de gobierno, organizaciones civiles, el sector acad\u00e9mico y la sociedad en general para la atenci\u00f3n inmediata y eficaz de los incendios forestales, que representan una amenaza ambiental, econ\u00f3mica y social.<\/p>\n\n\n\n<p>En su mensaje el gobernador de Coahuila, Manolo Jim\u00e9nez Salinas, recalc\u00f3 la importancia de mantener la coordinaci\u00f3n en el combate a incendios forestales, dijo que no se puede bajar la guardia en esta tarea entre los municipios que juegan un papel clave, y el esfuerzo conjunto con autoridades militares y de seguridad.<\/p>\n\n\n\n<p>Inform\u00f3 que en 2024 se obtuvieron resultados positivos en la contenci\u00f3n de incendios y que para esta temporada se redoblar\u00e1n esfuerzos con el apoyo del Ej\u00e9rcito Mexicano y la Guardia Nacional, al tiempo que anunci\u00f3 que Coahuila cuenta con tres helic\u00f3pteros, dos de ellos con capacidad para trasladar 13 brigadistas, as\u00ed como dos avionetas para reforzar las acciones a\u00e9reas.<\/p>\n\n\n\n<p>El rector de la m\u00e1xima casa de estudios, Octavio Pimentel Mart\u00ednez, destac\u00f3 la participaci\u00f3n de la UAdeC a trav\u00e9s de los \u201cLobos al Rescate\u201d, y para ello en los operativos la labor de la universidad es preventiva y de concientizaci\u00f3n.<\/p>\n\n\n\n<p>Explic\u00f3 que la instituci\u00f3n se suma a los operativos mediante labores de concientizaci\u00f3n, dirigidas a quienes visitan la sierra, as\u00ed como en tareas de reforestaci\u00f3n y apoyo log\u00edstico en centros de distribuci\u00f3n de alimentos y colectas de v\u00edveres.<\/p>\n\n\n\n<p>La participaci\u00f3n del rector de la UAdeC, Octavio Pimentel Mart\u00ednez, en el Consejo Ciudadano refrenda el compromiso de la instituci\u00f3n con la protecci\u00f3n al medio ambiente, y la colaboraci\u00f3n con las autoridades estatales y federales para la preservaci\u00f3n de los ecosistemas de Coahuila.<\/p>\n","protected":false},"excerpt":{"rendered":"<p>SALTILLO, Coahuila. 26 de febrero de 2025. Este mi\u00e9rcoles el rector de la Universidad Aut\u00f3noma de Coahuila, Octavio Pimentel Mart\u00ednez, particip\u00f3 en la Reuni\u00f3n del Consejo Ciudadano para el Combate de Incendios Forestales, convocada por la Secretar\u00eda de Medio Ambiente de Coahuila, y en la cual tom\u00f3 protesta como representante de la UAdeC. El Consejo [&hellip;]<\/p>\n","protected":false},"author":1,"featured_media":16793,"comment_status":"open","ping_status":"open","sticky":false,"template":"","format":"standard","meta":{"_monsterinsights_skip_tracking":false,"_monsterinsights_sitenote_active":false,"_monsterinsights_sitenote_note":"","_monsterinsights_sitenote_category":0,"footnotes":""},"categories":[1],"tags":[],"_links":{"self":[{"href":"https:\/\/zonalimitrofe-cbnr.com\/index.php\/wp-json\/wp\/v2\/posts\/16792"}],"collection":[{"href":"https:\/\/zonalimitrofe-cbnr.com\/index.php\/wp-json\/wp\/v2\/posts"}],"about":[{"href":"https:\/\/zonalimitrofe-cbnr.com\/index.php\/wp-json\/wp\/v2\/types\/post"}],"author":[{"embeddable":true,"href":"https:\/\/zonalimitrofe-cbnr.com\/index.php\/wp-json\/wp\/v2\/users\/1"}],"replies":[{"embeddable":true,"href":"https:\/\/zonalimitrofe-cbnr.com\/index.php\/wp-json\/wp\/v2\/comments?post=16792"}],"version-history":[{"count":1,"href":"https:\/\/zonalimitrofe-cbnr.com\/index.php\/wp-json\/wp\/v2\/posts\/16792\/revisions"}],"predecessor-version":[{"id":16794,"href":"https:\/\/zonalimitrofe-cbnr.com\/index.php\/wp-json\/wp\/v2\/posts\/16792\/revisions\/16794"}],"wp:featuredmedia":[{"embeddable":true,"href":"https:\/\/zonalimitrofe-cbnr.com\/index.php\/wp-json\/wp\/v2\/media\/16793"}],"wp:attachment":[{"href":"https:\/\/zonalimitrofe-cbnr.com\/index.php\/wp-json\/wp\/v2\/media?parent=16792"}],"wp:term":[{"taxonomy":"category","embeddable":true,"href":"https:\/\/zonalimitrofe-cbnr.com\/index.php\/wp-json\/wp\/v2\/categories?post=16792"},{"taxonomy":"post_tag","embeddable":true,"href":"https:\/\/zonalimitrofe-cbnr.com\/index.php\/wp-json\/wp\/v2\/tags?post=16792"}],"curies":[{"name":"wp","href":"https:\/\/api.w.org\/{rel}","templated":true}]}}