{"id":16789,"date":"2025-02-26T18:04:38","date_gmt":"2025-02-27T00:04:38","guid":{"rendered":"https:\/\/zonalimitrofe-cbnr.com\/?p=16789"},"modified":"2025-02-26T18:04:38","modified_gmt":"2025-02-27T00:04:38","slug":"durango-gobierno-federal-podria-replicar-la-aplicacion-cura-disenada-por-gobierno-de-esteban","status":"publish","type":"post","link":"https:\/\/zonalimitrofe-cbnr.com\/index.php\/2025\/02\/26\/durango-gobierno-federal-podria-replicar-la-aplicacion-cura-disenada-por-gobierno-de-esteban\/","title":{"rendered":"#Durango. Gobierno Federal podr\u00eda replicar la aplicaci\u00f3n CURA dise\u00f1ada por Gobierno de Esteban*"},"content":{"rendered":"\n<ul>\n<li><em>Mario Delgado, titular de la SEP, reconoci\u00f3 la utilidad de la estrategia dise\u00f1ada por el Gobierno de Durango.<\/em><\/li>\n\n\n\n<li><em>Beneficios de esta herramienta tecnol\u00f3gica fueron presentados durante la pasada gira de la Presidenta Sheinbaum a Durango.<\/em><\/li>\n<\/ul>\n\n\n\n<p>Durango, Dgo.- Ante el panorama que representa el uso de las tecnolog\u00edas en el mundo, y las herramientas que proporcionan a la educaci\u00f3n de calidad, el Secretario de Educaci\u00f3n P\u00fablica, Mario Delgado Carrillo, reconoci\u00f3 el potencial de la aplicaci\u00f3n CURA (Clave \u00danica de Registro Acad\u00e9mico), implementada por el Gobierno que encabeza Esteban Villegas Villarreal, y expres\u00f3 inter\u00e9s por su aplicaci\u00f3n en otras entidades del pa\u00eds.<\/p>\n\n\n\n<p>Durante su visita a la entidad, como parte de la gira de trabajo que realiz\u00f3 por varios municipios la Presidenta de la Rep\u00fablica, Claudia Sheinbaun Pardo, el titular de la SEP consider\u00f3 a esta aplicaci\u00f3n como una herramienta de gran eficacia, que permite una comunicaci\u00f3n e interacci\u00f3n directa entre la escuela \u2013docentes y directivos- , alumnos y padres de familia.<\/p>\n\n\n\n<p>&#8220;La conoc\u00ed en una visita anterior, me parece muy buena aplicaci\u00f3n. Vamos a revisar que llegue a m\u00e1s lugares en el pa\u00eds porque mantiene una comunicaci\u00f3n muy estrecha entre el maestro, los alumnos, los padres de familia y los directivos; es un ejercicio muy bueno&#8221;, dijo.<\/p>\n\n\n\n<p>En recorrido por varias instituciones de Durango, Delgado Carrillo se\u00f1al\u00f3 que en estos momentos las herramientas tecnol\u00f3gicas son parte importante para el desarrollo de la educaci\u00f3n en M\u00e9xico; y la aplicaci\u00f3n CURA, se adapta de manera eficiente en el proceso de comunicaci\u00f3n que se requiere entre las figuras educativas y las familias de los estudiantes: &#8220;aunque podr\u00eda parecer que es una aplicaci\u00f3n para ciertos lugares, todo el mundo tiene un tel\u00e9fono y es lo \u00fanico que se necesita&#8221;.<\/p>\n\n\n\n<p>En este sentido, reafirm\u00f3 el compromiso por expandir su uso a otros estados, a la par que destac\u00f3 el trabajo del Gobierno Estatal por brindar a sus j\u00f3venes una educaci\u00f3n de calidad que les permita construir un mejor futuro.<\/p>\n\n\n\n<p>En un esfuerzo por mejorar la calidad educativa en el estado, se han otorgado 160 mil licencias a alumnos de primaria y secundaria en Durango, G\u00f3mez Palacio y Lerdo para acceder a la aplicaci\u00f3n Clave \u00danica de Registro Acad\u00e9mico (CURA).<\/p>\n\n\n\n<p>La citada aplicaci\u00f3n fue dise\u00f1ada debido a que el Gobernador de Durango, Esteban Villegas buscaba opciones para agilizar la gesti\u00f3n educativa, mejorar la comunicaci\u00f3n y transparencia, as\u00ed como para ofrecer una experiencia educativa m\u00e1s efectiva y conectada para todos. Cada funcionalidad de CURA est\u00e1 adaptada a las necesidades y requerimientos espec\u00edficos de maestros, padres de familia, directores y orientadores educativos.<\/p>\n","protected":false},"excerpt":{"rendered":"<p>Durango, Dgo.- Ante el panorama que representa el uso de las tecnolog\u00edas en el mundo, y las herramientas que proporcionan a la educaci\u00f3n de calidad, el Secretario de Educaci\u00f3n P\u00fablica, Mario Delgado Carrillo, reconoci\u00f3 el potencial de la aplicaci\u00f3n CURA (Clave \u00danica de Registro Acad\u00e9mico), implementada por el Gobierno que encabeza Esteban Villegas Villarreal, y [&hellip;]<\/p>\n","protected":false},"author":1,"featured_media":16790,"comment_status":"open","ping_status":"open","sticky":false,"template":"","format":"standard","meta":{"_monsterinsights_skip_tracking":false,"_monsterinsights_sitenote_active":false,"_monsterinsights_sitenote_note":"","_monsterinsights_sitenote_category":0,"footnotes":""},"categories":[1],"tags":[],"_links":{"self":[{"href":"https:\/\/zonalimitrofe-cbnr.com\/index.php\/wp-json\/wp\/v2\/posts\/16789"}],"collection":[{"href":"https:\/\/zonalimitrofe-cbnr.com\/index.php\/wp-json\/wp\/v2\/posts"}],"about":[{"href":"https:\/\/zonalimitrofe-cbnr.com\/index.php\/wp-json\/wp\/v2\/types\/post"}],"author":[{"embeddable":true,"href":"https:\/\/zonalimitrofe-cbnr.com\/index.php\/wp-json\/wp\/v2\/users\/1"}],"replies":[{"embeddable":true,"href":"https:\/\/zonalimitrofe-cbnr.com\/index.php\/wp-json\/wp\/v2\/comments?post=16789"}],"version-history":[{"count":1,"href":"https:\/\/zonalimitrofe-cbnr.com\/index.php\/wp-json\/wp\/v2\/posts\/16789\/revisions"}],"predecessor-version":[{"id":16791,"href":"https:\/\/zonalimitrofe-cbnr.com\/index.php\/wp-json\/wp\/v2\/posts\/16789\/revisions\/16791"}],"wp:featuredmedia":[{"embeddable":true,"href":"https:\/\/zonalimitrofe-cbnr.com\/index.php\/wp-json\/wp\/v2\/media\/16790"}],"wp:attachment":[{"href":"https:\/\/zonalimitrofe-cbnr.com\/index.php\/wp-json\/wp\/v2\/media?parent=16789"}],"wp:term":[{"taxonomy":"category","embeddable":true,"href":"https:\/\/zonalimitrofe-cbnr.com\/index.php\/wp-json\/wp\/v2\/categories?post=16789"},{"taxonomy":"post_tag","embeddable":true,"href":"https:\/\/zonalimitrofe-cbnr.com\/index.php\/wp-json\/wp\/v2\/tags?post=16789"}],"curies":[{"name":"wp","href":"https:\/\/api.w.org\/{rel}","templated":true}]}}