{"id":16780,"date":"2025-02-26T17:58:24","date_gmt":"2025-02-26T23:58:24","guid":{"rendered":"https:\/\/zonalimitrofe-cbnr.com\/?p=16780"},"modified":"2025-02-26T17:58:26","modified_gmt":"2025-02-26T23:58:26","slug":"lerdo-revisan-avances-del-plan-de-ordenamiento-ecologico-y-territorial-en-lerdo","status":"publish","type":"post","link":"https:\/\/zonalimitrofe-cbnr.com\/index.php\/2025\/02\/26\/lerdo-revisan-avances-del-plan-de-ordenamiento-ecologico-y-territorial-en-lerdo\/","title":{"rendered":"#Lerdo. REVISAN AVANCES DEL PLAN DE ORDENAMIENTO ECOL\u00d3GICO Y TERRITORIAL EN LERDO*"},"content":{"rendered":"\n<p>Lerdo, 26 de febrero de 2025.- El pasado martes, el Alcalde Homero Mart\u00ednez Cabrera encabez\u00f3 la reuni\u00f3n de trabajo sobre la actualizaci\u00f3n del Programa de Ordenamiento Ecol\u00f3gico y Territorial del Municipio de Lerdo, llevada a cabo a trav\u00e9s de la direcci\u00f3n de Medio Ambiente en su fase de diagn\u00f3stico.<\/p>\n\n\n\n<p>El encuentro tuvo lugar en la sala de reuniones al interior de la Unidad Administrativa San Isidro, contando con la participaci\u00f3n de funcionarios municipales, representantes del gobierno del estado y de la iniciativa privada, quienes revisaron los avances del plan de ordenamiento. Este esfuerzo, coordinado entre los tres niveles de gobierno, tiene como objetivo generar un plan de crecimiento ordenado a futuro para las siguientes generaciones.<\/p>\n\n\n\n<p>El Alcalde Homero Mart\u00ednez agradeci\u00f3 a los miembros del Comit\u00e9 por llevar a cabo las reuniones necesarias para trazar el rumbo del plan de ordenamiento. Asimismo, expres\u00f3 su reconocimiento a los representantes de la iniciativa privada por su inter\u00e9s en concretar el proyecto, que facilitar\u00e1 la tan esperada industrializaci\u00f3n del municipio de Lerdo.<\/p>\n\n\n\n<p>Por su parte, el director de Medio Ambiente en el municipio, Ricardo D\u00edaz Segovia, inform\u00f3 que los representantes del sector privado manifestaron su satisfacci\u00f3n con los avances obtenidos hasta el momento. Se espera que las sesiones concluyan en marzo, para posteriormente presentar el proyecto ante el H. Cabildo.<\/p>\n\n\n\n<p>En este Comit\u00e9 participan representantes de la SEMARNAT, autoridades municipales y estatales de Medio Ambiente y Ecolog\u00eda, as\u00ed como de Protecci\u00f3n Civil, Desarrollo Social, Obras P\u00fablicas y Desarrollo Urbano, Servicios P\u00fablicos, Planeaci\u00f3n, Ordenamiento, Turismo y COPLADEM. Tambi\u00e9n est\u00e1n involucradas organizaciones, grupos e instituciones del sector productivo, acad\u00e9mico y sociedad civil interesados en el tema.<\/p>\n\n\n\n<p>Entre los asistentes se encontraba el Dr. Homero Mart\u00ednez Cabrera, Presidente Municipal de Lerdo; el Dr. Luis Oscar G\u00fcereca Prado, coordinador de Proyectos Estrat\u00e9gicos del Estado; Gabriela Veraza Zavala, representante de Beysa; Ray Fletchey, representante de Fermachem; y la Lic. Andrea Tinoco Alvarado, directora de la Secretar\u00eda de Desarrollo Econ\u00f3mico Regi\u00f3n Laguna.<\/p>\n\n\n\n<p>Asimismo, participaron la Lic. Carolina Jurado Talamantes, de la Unidad de Atenci\u00f3n de Inversiones Extranjeras del Estado de Durango; el Dr. Josu\u00e9 Raymundo Estrada Arellano y el Ec\u00f3logo Juan Manuel J\u00e1quez Qui\u00f1ones, ambos investigadores de la UJED; el C.P. Jes\u00fas Mario Castrill\u00f3n Jim\u00e9nez, director de Fomento Econ\u00f3mico y Turismo del municipio; y el Dr. Ricardo Garc\u00eda Lazos, coordinador de Proyectos Estrat\u00e9gicos del municipio.<\/p>\n\n\n\n<p>Tambi\u00e9n estuvieron presentes el Ing. Jaime Simental \u00c1vila, de la Secretar\u00eda de Recursos Naturales y Medio Ambiente del estado; V\u00edctor N\u00fa\u00f1ez Lozada, director de Seguridad y Medio Ambiente de Beysa; y el Ing. Juan Antonio S\u00e1nchez L\u00f3pez, director de Obras P\u00fablicas y Desarrollo Urbano.<\/p>\n","protected":false},"excerpt":{"rendered":"<p>Lerdo, 26 de febrero de 2025.- El pasado martes, el Alcalde Homero Mart\u00ednez Cabrera encabez\u00f3 la reuni\u00f3n de trabajo sobre la actualizaci\u00f3n del Programa de Ordenamiento Ecol\u00f3gico y Territorial del Municipio de Lerdo, llevada a cabo a trav\u00e9s de la direcci\u00f3n de Medio Ambiente en su fase de diagn\u00f3stico. El encuentro tuvo lugar en la [&hellip;]<\/p>\n","protected":false},"author":1,"featured_media":16781,"comment_status":"open","ping_status":"open","sticky":false,"template":"","format":"standard","meta":{"_monsterinsights_skip_tracking":false,"_monsterinsights_sitenote_active":false,"_monsterinsights_sitenote_note":"","_monsterinsights_sitenote_category":0,"footnotes":""},"categories":[1],"tags":[],"_links":{"self":[{"href":"https:\/\/zonalimitrofe-cbnr.com\/index.php\/wp-json\/wp\/v2\/posts\/16780"}],"collection":[{"href":"https:\/\/zonalimitrofe-cbnr.com\/index.php\/wp-json\/wp\/v2\/posts"}],"about":[{"href":"https:\/\/zonalimitrofe-cbnr.com\/index.php\/wp-json\/wp\/v2\/types\/post"}],"author":[{"embeddable":true,"href":"https:\/\/zonalimitrofe-cbnr.com\/index.php\/wp-json\/wp\/v2\/users\/1"}],"replies":[{"embeddable":true,"href":"https:\/\/zonalimitrofe-cbnr.com\/index.php\/wp-json\/wp\/v2\/comments?post=16780"}],"version-history":[{"count":1,"href":"https:\/\/zonalimitrofe-cbnr.com\/index.php\/wp-json\/wp\/v2\/posts\/16780\/revisions"}],"predecessor-version":[{"id":16782,"href":"https:\/\/zonalimitrofe-cbnr.com\/index.php\/wp-json\/wp\/v2\/posts\/16780\/revisions\/16782"}],"wp:featuredmedia":[{"embeddable":true,"href":"https:\/\/zonalimitrofe-cbnr.com\/index.php\/wp-json\/wp\/v2\/media\/16781"}],"wp:attachment":[{"href":"https:\/\/zonalimitrofe-cbnr.com\/index.php\/wp-json\/wp\/v2\/media?parent=16780"}],"wp:term":[{"taxonomy":"category","embeddable":true,"href":"https:\/\/zonalimitrofe-cbnr.com\/index.php\/wp-json\/wp\/v2\/categories?post=16780"},{"taxonomy":"post_tag","embeddable":true,"href":"https:\/\/zonalimitrofe-cbnr.com\/index.php\/wp-json\/wp\/v2\/tags?post=16780"}],"curies":[{"name":"wp","href":"https:\/\/api.w.org\/{rel}","templated":true}]}}