{"id":1642,"date":"2024-02-10T16:53:57","date_gmt":"2024-02-10T22:53:57","guid":{"rendered":"https:\/\/zonalimitrofe-cbnr.com\/?p=1642"},"modified":"2024-02-10T16:53:57","modified_gmt":"2024-02-10T22:53:57","slug":"lerdo-proxima-martes-jornada-del-empleo","status":"publish","type":"post","link":"https:\/\/zonalimitrofe-cbnr.com\/index.php\/2024\/02\/10\/lerdo-proxima-martes-jornada-del-empleo\/","title":{"rendered":"#Lerdo. PR\u00d3XIMA MARTES JORNADA DEL EMPLEO"},"content":{"rendered":"\n<p>Lerdo, 10 de febrero de 2024.- El martes 13 de febrero, en la plaza principal de Lerdo, la Direcci\u00f3n de Fomento Econ\u00f3mico llevar\u00e1 a cabo una nueva edici\u00f3n del programa &#8216;Jornadas de Empleo&#8217;, en coordinaci\u00f3n con empresas de la regi\u00f3n.<\/p>\n\n\n\n<p>La instrucci\u00f3n del Presidente Municipal Homero Mart\u00ednez Cabrera, es continuar generando fuentes de trabajo, a trav\u00e9s del apoyo a los lerdenses buscadores de empleo, por ello, a partir de las 9:00 de la ma\u00f1ana en la plaza que se encuentra frente a la Presidencia de Lerdo, se desarrollar\u00e1 esta jornada de vinculaci\u00f3n.<\/p>\n\n\n\n<p>La titular del departamento de Bolsa de Trabajo, Yuridia Palacios, coment\u00f3 que en esta edici\u00f3n las empresas participantes ser\u00e1n KUKA HOME, ZF, TEMSA, Grupo LALA, SEARS y Reforma Cobranza Legal, quienes ofertar\u00e1n una serie de vacantes disponibles en sus diversas sucursales, buscando a los mejores prospectos.<\/p>\n\n\n\n<p>La funcionaria hizo la invitaci\u00f3n a los ciudadanos interesados en conseguir un empleo formal, con prestaciones de ley y que les permita concluir el \u00faltimo periodo del a\u00f1o con estabilidad econ\u00f3mica en sus hogares, para que asistan a esta jornada con solicitud de empleo previamente elaborada o curr\u00edculum vitae.<\/p>\n\n\n\n<p>Adem\u00e1s, es importante contar con buena imagen para la entrevista laboral y la disposici\u00f3n para ser contratados de manera inmediata.<\/p>\n","protected":false},"excerpt":{"rendered":"<p>Lerdo, 10 de febrero de 2024.- El martes 13 de febrero, en la plaza principal de Lerdo, la Direcci\u00f3n de Fomento Econ\u00f3mico llevar\u00e1 a cabo una nueva edici\u00f3n del programa &#8216;Jornadas de Empleo&#8217;, en coordinaci\u00f3n con empresas de la regi\u00f3n. La instrucci\u00f3n del Presidente Municipal Homero Mart\u00ednez Cabrera, es continuar generando fuentes de trabajo, a [&hellip;]<\/p>\n","protected":false},"author":1,"featured_media":1643,"comment_status":"open","ping_status":"open","sticky":false,"template":"","format":"standard","meta":{"_monsterinsights_skip_tracking":false,"_monsterinsights_sitenote_active":false,"_monsterinsights_sitenote_note":"","_monsterinsights_sitenote_category":0,"footnotes":""},"categories":[1],"tags":[],"_links":{"self":[{"href":"https:\/\/zonalimitrofe-cbnr.com\/index.php\/wp-json\/wp\/v2\/posts\/1642"}],"collection":[{"href":"https:\/\/zonalimitrofe-cbnr.com\/index.php\/wp-json\/wp\/v2\/posts"}],"about":[{"href":"https:\/\/zonalimitrofe-cbnr.com\/index.php\/wp-json\/wp\/v2\/types\/post"}],"author":[{"embeddable":true,"href":"https:\/\/zonalimitrofe-cbnr.com\/index.php\/wp-json\/wp\/v2\/users\/1"}],"replies":[{"embeddable":true,"href":"https:\/\/zonalimitrofe-cbnr.com\/index.php\/wp-json\/wp\/v2\/comments?post=1642"}],"version-history":[{"count":1,"href":"https:\/\/zonalimitrofe-cbnr.com\/index.php\/wp-json\/wp\/v2\/posts\/1642\/revisions"}],"predecessor-version":[{"id":1644,"href":"https:\/\/zonalimitrofe-cbnr.com\/index.php\/wp-json\/wp\/v2\/posts\/1642\/revisions\/1644"}],"wp:featuredmedia":[{"embeddable":true,"href":"https:\/\/zonalimitrofe-cbnr.com\/index.php\/wp-json\/wp\/v2\/media\/1643"}],"wp:attachment":[{"href":"https:\/\/zonalimitrofe-cbnr.com\/index.php\/wp-json\/wp\/v2\/media?parent=1642"}],"wp:term":[{"taxonomy":"category","embeddable":true,"href":"https:\/\/zonalimitrofe-cbnr.com\/index.php\/wp-json\/wp\/v2\/categories?post=1642"},{"taxonomy":"post_tag","embeddable":true,"href":"https:\/\/zonalimitrofe-cbnr.com\/index.php\/wp-json\/wp\/v2\/tags?post=1642"}],"curies":[{"name":"wp","href":"https:\/\/api.w.org\/{rel}","templated":true}]}}