{"id":16360,"date":"2025-02-17T15:14:53","date_gmt":"2025-02-17T21:14:53","guid":{"rendered":"https:\/\/zonalimitrofe-cbnr.com\/?p=16360"},"modified":"2025-02-17T15:14:54","modified_gmt":"2025-02-17T21:14:54","slug":"durango-con-nuevo-mando-militar-durango-refuerza-su-seguridad-con-coordinacion-y-estrategia-esteban","status":"publish","type":"post","link":"https:\/\/zonalimitrofe-cbnr.com\/index.php\/2025\/02\/17\/durango-con-nuevo-mando-militar-durango-refuerza-su-seguridad-con-coordinacion-y-estrategia-esteban\/","title":{"rendered":"#Durango. Con nuevo mando militar, Durango refuerza su seguridad con coordinaci\u00f3n y estrategia: Esteban*"},"content":{"rendered":"\n<ul>\n<li><em>El General Salvador Alvarado asumi\u00f3 el mando de la 10\/a Zona Militar en una ceremonia oficial.<\/em><\/li>\n\n\n\n<li><em>Se establecieron los primeros acuerdos como fortalecer los operativos en la carretera Durango-Mazatl\u00e1n con v\u00edsperas a la pr\u00f3xima temporada vacacional de Semana Santa.<\/em><\/li>\n<\/ul>\n\n\n\n<p>El gobernador Esteban Villegas Villarreal encabez\u00f3 la ceremonia de toma de posesi\u00f3n y protesta de bandera del General de Brigada de Estado Mayor, Salvador Alvarado Ram\u00edrez, quien asumi\u00f3 el cargo de comandante de la 10\/a Zona Militar. Durante el evento, el mandatario destac\u00f3 la importancia de fortalecer la seguridad en Durango mediante una estrecha coordinaci\u00f3n con las fuerzas armadas y otras instituciones.<\/p>\n\n\n\n<p>En el marco de la reuni\u00f3n de seguridad celebrada a primera hora del d\u00eda, Villegas Villarreal inform\u00f3 que se abordaron diversas estrategias para reforzar la vigilancia en puntos clave, como la carretera Durango-Mazatl\u00e1n, con miras a eventos tur\u00edsticos como el Carnaval de Mazatl\u00e1n y la pr\u00f3xima temporada de Semana Santa. \u201cToda la carretera estar\u00e1 blindada desde Durango hasta Mazatl\u00e1n, y ya comenzamos a planear medidas para garantizar la seguridad de nuestros visitantes y habitantes\u201d, se\u00f1al\u00f3 el gobernador.<\/p>\n\n\n\n<p>El reci\u00e9n nombrado comandante Salvador Alvarado Ram\u00edrez cuenta con una trayectoria de 40 a\u00f1os en el Ej\u00e9rcito Mexicano, donde ha desempe\u00f1ado distintos cargos operativos y administrativos. Su experiencia y compromiso con la seguridad nacional ser\u00e1n clave en la implementaci\u00f3n de estrategias de patrullaje, inteligencia y respuesta inmediata ante cualquier amenaza en la entidad.<\/p>\n\n\n\n<p>El Gobernador de Durango reiter\u00f3 su compromiso de seguir trabajando en conjunto con las fuerzas armadas y dem\u00e1s instancias de seguridad. \u201cLa seguridad es una prioridad para nuestro gobierno y no bajaremos la guardia; seguiremos reforzando las estrategias y trabajando en equipo para garantizar un Durango m\u00e1s seguro para todas y todos\u201d, afianz\u00f3.<\/p>\n\n\n\n<p>A la ceremonia asistieron el General de Divisi\u00f3n de Estado Mayor, Guillermo Brice\u00f1o Lobera, comandante de la Tercera Regi\u00f3n Militar; el secretario general de Gobierno, H\u00e9ctor Vela Valenzuela; el secretario de Seguridad P\u00fablica, \u00d3scar Galv\u00e1n Villarreal, y la Fiscal general, Sonia Yadira de la Garza Fragoso. Todos coincidieron en la importancia de fortalecer la coordinaci\u00f3n interinstitucional para reducir las situaciones que pongan en riesgo la paz y la tranquilidad que se vive en el estado.<\/p>\n","protected":false},"excerpt":{"rendered":"<p>El gobernador Esteban Villegas Villarreal encabez\u00f3 la ceremonia de toma de posesi\u00f3n y protesta de bandera del General de Brigada de Estado Mayor, Salvador Alvarado Ram\u00edrez, quien asumi\u00f3 el cargo de comandante de la 10\/a Zona Militar. Durante el evento, el mandatario destac\u00f3 la importancia de fortalecer la seguridad en Durango mediante una estrecha coordinaci\u00f3n [&hellip;]<\/p>\n","protected":false},"author":1,"featured_media":16361,"comment_status":"open","ping_status":"open","sticky":false,"template":"","format":"standard","meta":{"_monsterinsights_skip_tracking":false,"_monsterinsights_sitenote_active":false,"_monsterinsights_sitenote_note":"","_monsterinsights_sitenote_category":0,"footnotes":""},"categories":[1],"tags":[],"_links":{"self":[{"href":"https:\/\/zonalimitrofe-cbnr.com\/index.php\/wp-json\/wp\/v2\/posts\/16360"}],"collection":[{"href":"https:\/\/zonalimitrofe-cbnr.com\/index.php\/wp-json\/wp\/v2\/posts"}],"about":[{"href":"https:\/\/zonalimitrofe-cbnr.com\/index.php\/wp-json\/wp\/v2\/types\/post"}],"author":[{"embeddable":true,"href":"https:\/\/zonalimitrofe-cbnr.com\/index.php\/wp-json\/wp\/v2\/users\/1"}],"replies":[{"embeddable":true,"href":"https:\/\/zonalimitrofe-cbnr.com\/index.php\/wp-json\/wp\/v2\/comments?post=16360"}],"version-history":[{"count":1,"href":"https:\/\/zonalimitrofe-cbnr.com\/index.php\/wp-json\/wp\/v2\/posts\/16360\/revisions"}],"predecessor-version":[{"id":16362,"href":"https:\/\/zonalimitrofe-cbnr.com\/index.php\/wp-json\/wp\/v2\/posts\/16360\/revisions\/16362"}],"wp:featuredmedia":[{"embeddable":true,"href":"https:\/\/zonalimitrofe-cbnr.com\/index.php\/wp-json\/wp\/v2\/media\/16361"}],"wp:attachment":[{"href":"https:\/\/zonalimitrofe-cbnr.com\/index.php\/wp-json\/wp\/v2\/media?parent=16360"}],"wp:term":[{"taxonomy":"category","embeddable":true,"href":"https:\/\/zonalimitrofe-cbnr.com\/index.php\/wp-json\/wp\/v2\/categories?post=16360"},{"taxonomy":"post_tag","embeddable":true,"href":"https:\/\/zonalimitrofe-cbnr.com\/index.php\/wp-json\/wp\/v2\/tags?post=16360"}],"curies":[{"name":"wp","href":"https:\/\/api.w.org\/{rel}","templated":true}]}}