{"id":16276,"date":"2025-02-16T17:05:53","date_gmt":"2025-02-16T23:05:53","guid":{"rendered":"https:\/\/zonalimitrofe-cbnr.com\/?p=16276"},"modified":"2025-02-16T17:05:53","modified_gmt":"2025-02-16T23:05:53","slug":"durango-seremos-la-generacion-de-profesionistas-que-cambiara-durango-esteban-se-reune-con-la-fecop","status":"publish","type":"post","link":"https:\/\/zonalimitrofe-cbnr.com\/index.php\/2025\/02\/16\/durango-seremos-la-generacion-de-profesionistas-que-cambiara-durango-esteban-se-reune-con-la-fecop\/","title":{"rendered":"#Durango. Seremos la generaci\u00f3n de profesionistas que cambiar\u00e1 Durango; Esteban se re\u00fane con la FECOP*"},"content":{"rendered":"\n<ul>\n<li><em>Gobernador suma esfuerzos para fortalecer cada \u00e1rea y seguir entregando resultados de calidad este 2025.<\/em><\/li>\n\n\n\n<li><em>Colegios de Profesionistas buscan mayor participaci\u00f3n en pol\u00edticas p\u00fablicas y mejorar la certificaci\u00f3n en el estado.<\/em><\/li>\n<\/ul>\n\n\n\n<p>Seremos la generaci\u00f3n que impulse el cambio en Durango, as\u00ed lo asegur\u00f3 el gobernador Esteban Villegas Villarreal, al reunirse con integrantes de la Federaci\u00f3n de Colegios de Profesionistas (FECOP), con quienes se comprometi\u00f3 a sumar esfuerzos para fortalecer cada \u00e1rea y seguir entregando resultados de calidad este 2025.<\/p>\n\n\n\n<p>Durante la reuni\u00f3n, se abordaron temas clave como inversi\u00f3n, educaci\u00f3n, salud y modernizaci\u00f3n administrativa, adem\u00e1s de plantear estrategias para fortalecer la participaci\u00f3n de los colegios en las pol\u00edticas p\u00fablicas.<\/p>\n\n\n\n<p>El encuentro cont\u00f3 con la presencia del Secretario General de Gobierno, H\u00e9ctor Vela Valenzuela, as\u00ed como de otros funcionarios estatales y del presidente de la FECOP, Jos\u00e9 Alberto P\u00e9rez de la Cruz.<\/p>\n\n\n\n<p>\u201cQueremos iniciar mesas de trabajo con ustedes a trav\u00e9s de la Secretar\u00eda General de Gobierno, que ser\u00e1 nuestro enlace con la FECOP y los Colegios de Profesionistas\u201d, expres\u00f3 el Mandatario ante los representantes de 35 colegios, el coordinador general de Gesti\u00f3n Gubernamental, Jes\u00fas Salazar Ibarra, y el director de Proyectos y Programas Estrat\u00e9gicos, Jaciel Chac\u00f3n Bueno.<\/p>\n\n\n\n<p>En el encuentro, el gobernador reiter\u00f3 su compromiso con la actualizaci\u00f3n de la Ley de Profesiones, con el objetivo de facilitar la obtenci\u00f3n de t\u00edtulos y c\u00e9dulas profesionales, adem\u00e1s de garantizar que las universidades privadas aporten una cuota de recuperaci\u00f3n al estado sin afectar a los estudiantes.<\/p>\n\n\n\n<p>Por su parte, el presidente de la FECOP, Jos\u00e9 Alberto P\u00e9rez de la Cruz, enfatiz\u00f3 la importancia de la capacitaci\u00f3n constante para responder a las nuevas inversiones en el estado; \u201chemos trabajado arduamente para contar con mecanismos que permitan a los profesionistas desempe\u00f1arse como peritos, en cumplimiento con la ley\u201d, se\u00f1al\u00f3.<\/p>\n\n\n\n<p>Asimismo, anunci\u00f3 la acreditaci\u00f3n de 13 especialidades para 2025, con el objetivo de que los profesionistas duranguenses sean considerados en las contrataciones de las empresas que se instalar\u00e1n en la entidad.<\/p>\n\n\n\n<p>Villegas Villarreal tambi\u00e9n destac\u00f3 los avances en inteligencia artificial como parte de la estrategia de desarrollo del estado; \u201cDurango va a cambiar, no tengan duda,<br>ya estamos desarrollando modelos de inteligencia artificial con j\u00f3venes duranguenses, y los primeros 50 se van a Espa\u00f1a\u201d, inform\u00f3.<\/p>\n\n\n\n<p>Adem\u00e1s, dio a conocer que, hasta el momento, 32 empresas han confirmado su instalaci\u00f3n en Durango, lo que generar\u00e1 30 mil empleos directos y 120 mil indirectos.<\/p>\n\n\n\n<p>Finalmente, el gobernador anunci\u00f3 que impulsar\u00e1 modificaciones a la Ley de Hacienda para garantizar que las universidades privadas contribuyan al costo de los t\u00edtulos profesionales sin afectar a los estudiantes. Tambi\u00e9n reiter\u00f3 su compromiso con la actualizaci\u00f3n de la Ley de Profesiones, para facilitar la obtenci\u00f3n de c\u00e9dulas profesionales y sancionar la usurpaci\u00f3n de profesiones.<\/p>\n\n\n\n<p>Como parte de su apoyo a la FECOP, Villegas Villarreal ofreci\u00f3 un edificio temporal para la federaci\u00f3n, mientras se rehabilitan sus oficinas.<\/p>\n","protected":false},"excerpt":{"rendered":"<p>Seremos la generaci\u00f3n que impulse el cambio en Durango, as\u00ed lo asegur\u00f3 el gobernador Esteban Villegas Villarreal, al reunirse con integrantes de la Federaci\u00f3n de Colegios de Profesionistas (FECOP), con quienes se comprometi\u00f3 a sumar esfuerzos para fortalecer cada \u00e1rea y seguir entregando resultados de calidad este 2025. Durante la reuni\u00f3n, se abordaron temas clave [&hellip;]<\/p>\n","protected":false},"author":1,"featured_media":16277,"comment_status":"open","ping_status":"open","sticky":false,"template":"","format":"standard","meta":{"_monsterinsights_skip_tracking":false,"_monsterinsights_sitenote_active":false,"_monsterinsights_sitenote_note":"","_monsterinsights_sitenote_category":0,"footnotes":""},"categories":[1],"tags":[],"_links":{"self":[{"href":"https:\/\/zonalimitrofe-cbnr.com\/index.php\/wp-json\/wp\/v2\/posts\/16276"}],"collection":[{"href":"https:\/\/zonalimitrofe-cbnr.com\/index.php\/wp-json\/wp\/v2\/posts"}],"about":[{"href":"https:\/\/zonalimitrofe-cbnr.com\/index.php\/wp-json\/wp\/v2\/types\/post"}],"author":[{"embeddable":true,"href":"https:\/\/zonalimitrofe-cbnr.com\/index.php\/wp-json\/wp\/v2\/users\/1"}],"replies":[{"embeddable":true,"href":"https:\/\/zonalimitrofe-cbnr.com\/index.php\/wp-json\/wp\/v2\/comments?post=16276"}],"version-history":[{"count":1,"href":"https:\/\/zonalimitrofe-cbnr.com\/index.php\/wp-json\/wp\/v2\/posts\/16276\/revisions"}],"predecessor-version":[{"id":16278,"href":"https:\/\/zonalimitrofe-cbnr.com\/index.php\/wp-json\/wp\/v2\/posts\/16276\/revisions\/16278"}],"wp:featuredmedia":[{"embeddable":true,"href":"https:\/\/zonalimitrofe-cbnr.com\/index.php\/wp-json\/wp\/v2\/media\/16277"}],"wp:attachment":[{"href":"https:\/\/zonalimitrofe-cbnr.com\/index.php\/wp-json\/wp\/v2\/media?parent=16276"}],"wp:term":[{"taxonomy":"category","embeddable":true,"href":"https:\/\/zonalimitrofe-cbnr.com\/index.php\/wp-json\/wp\/v2\/categories?post=16276"},{"taxonomy":"post_tag","embeddable":true,"href":"https:\/\/zonalimitrofe-cbnr.com\/index.php\/wp-json\/wp\/v2\/tags?post=16276"}],"curies":[{"name":"wp","href":"https:\/\/api.w.org\/{rel}","templated":true}]}}