{"id":16266,"date":"2025-02-15T14:22:09","date_gmt":"2025-02-15T20:22:09","guid":{"rendered":"https:\/\/zonalimitrofe-cbnr.com\/?p=16266"},"modified":"2025-02-15T14:22:09","modified_gmt":"2025-02-15T20:22:09","slug":"torreon-se-suma-simas-torreon-a-celebracion-del-dia-mundial-del-agua","status":"publish","type":"post","link":"https:\/\/zonalimitrofe-cbnr.com\/index.php\/2025\/02\/15\/torreon-se-suma-simas-torreon-a-celebracion-del-dia-mundial-del-agua\/","title":{"rendered":"#Torre\u00f3n. Se suma SIMAS Torre\u00f3n a celebraci\u00f3n del D\u00eda Mundial del Agua"},"content":{"rendered":"\n<p>Torre\u00f3n, Coahuila. A 15 de febrero de 2025<\/p>\n\n\n\n<p>El Sistema Municipal de Aguas y Saneamiento (SIMAS) Torre\u00f3n, informa que llevar\u00e1 a cabo varias actividades con motivo de sumarse a la celebraci\u00f3n por el D\u00eda Mundial del Agua.<\/p>\n\n\n\n<p>La Organizaci\u00f3n de las Naciones Unidas estableci\u00f3 desde 1992, el 22 de marzo como el D\u00eda Mundial del Agua, este 2025 bajo el lema &#8220;Conservaci\u00f3n de los Glaciares&#8221;. Cada 22 de marzo, es una fecha para reflexionar acerca del comportamiento que tiene el mundo sobre el agua y la importancia del vital l\u00edquido en todas y cada una de las actividades que desarrollamos.<\/p>\n\n\n\n<p>Dentro de este marco de celebraci\u00f3n, el SIMAS Torre\u00f3n prepar\u00f3 las siguientes actividades: &#8220;Foro Universitario del Agua&#8221;; rally &#8220;Por el Cuidado del Agua&#8221; y el concurso de dibujo &#8220;H\u00e9roes del Agua&#8221;.<\/p>\n\n\n\n<p>El &#8220;Foro Universitario del Agua&#8221; se realizar\u00e1 el pr\u00f3ximo mi\u00e9rcoles 19 de marzo, de 10 de la ma\u00f1ana a 4 de la tarde en el Centro Kino de Educaci\u00f3n Continua de la Universidad Iberoamericana de Torre\u00f3n; se presentar\u00e1n cuatro conferencias magistrales de 40 minutos cada una con temas relacionados con el buen uso y manejo responsable del agua.<\/p>\n\n\n\n<p>La entrada al foro es gratuita y abierta al p\u00fablico en general que est\u00e9 interesado en temas del agua, para que se sensibilice sobre la situaci\u00f3n de este recurso en La Laguna y conozca las acciones que se pueden implementar para su cuidado.<\/p>\n\n\n\n<p>El contacto para asistir a estos di\u00e1logos puede ser directamente con Migdy Yosdel Vargas, profesora de Licenciatura en Derecho y responsable del Observatorio Socio Ambiental de la Universidad Iberoamericana de Torre\u00f3n.<\/p>\n\n\n\n<p>El rally &#8220;Por el Cuidado del Agua&#8221; va dirigido a ni\u00f1os y se desarrollar\u00e1 el domingo 13 de marzo en el Paseo Col\u00f3n, donde diferentes dependencias, instituciones educativas y asociaciones como Medio Ambiente, UJED, CDHEC, Biosfera de Mapim\u00ed, Comisi\u00f3n Nacional del Agua, Profeco y Jurisdicci\u00f3n Sanitaria No. 6, entre otras, montar\u00e1n un stand cada una y ofrecer\u00e1n actividades l\u00fadicas para que los ni\u00f1os aprendan buenas pr\u00e1cticas sobre el cuidado del agua.<\/p>\n","protected":false},"excerpt":{"rendered":"<p>Torre\u00f3n, Coahuila. A 15 de febrero de 2025 El Sistema Municipal de Aguas y Saneamiento (SIMAS) Torre\u00f3n, informa que llevar\u00e1 a cabo varias actividades con motivo de sumarse a la celebraci\u00f3n por el D\u00eda Mundial del Agua. La Organizaci\u00f3n de las Naciones Unidas estableci\u00f3 desde 1992, el 22 de marzo como el D\u00eda Mundial del [&hellip;]<\/p>\n","protected":false},"author":1,"featured_media":16267,"comment_status":"open","ping_status":"open","sticky":false,"template":"","format":"standard","meta":{"_monsterinsights_skip_tracking":false,"_monsterinsights_sitenote_active":false,"_monsterinsights_sitenote_note":"","_monsterinsights_sitenote_category":0,"footnotes":""},"categories":[1],"tags":[],"_links":{"self":[{"href":"https:\/\/zonalimitrofe-cbnr.com\/index.php\/wp-json\/wp\/v2\/posts\/16266"}],"collection":[{"href":"https:\/\/zonalimitrofe-cbnr.com\/index.php\/wp-json\/wp\/v2\/posts"}],"about":[{"href":"https:\/\/zonalimitrofe-cbnr.com\/index.php\/wp-json\/wp\/v2\/types\/post"}],"author":[{"embeddable":true,"href":"https:\/\/zonalimitrofe-cbnr.com\/index.php\/wp-json\/wp\/v2\/users\/1"}],"replies":[{"embeddable":true,"href":"https:\/\/zonalimitrofe-cbnr.com\/index.php\/wp-json\/wp\/v2\/comments?post=16266"}],"version-history":[{"count":1,"href":"https:\/\/zonalimitrofe-cbnr.com\/index.php\/wp-json\/wp\/v2\/posts\/16266\/revisions"}],"predecessor-version":[{"id":16268,"href":"https:\/\/zonalimitrofe-cbnr.com\/index.php\/wp-json\/wp\/v2\/posts\/16266\/revisions\/16268"}],"wp:featuredmedia":[{"embeddable":true,"href":"https:\/\/zonalimitrofe-cbnr.com\/index.php\/wp-json\/wp\/v2\/media\/16267"}],"wp:attachment":[{"href":"https:\/\/zonalimitrofe-cbnr.com\/index.php\/wp-json\/wp\/v2\/media?parent=16266"}],"wp:term":[{"taxonomy":"category","embeddable":true,"href":"https:\/\/zonalimitrofe-cbnr.com\/index.php\/wp-json\/wp\/v2\/categories?post=16266"},{"taxonomy":"post_tag","embeddable":true,"href":"https:\/\/zonalimitrofe-cbnr.com\/index.php\/wp-json\/wp\/v2\/tags?post=16266"}],"curies":[{"name":"wp","href":"https:\/\/api.w.org\/{rel}","templated":true}]}}