{"id":16254,"date":"2025-02-15T13:58:20","date_gmt":"2025-02-15T19:58:20","guid":{"rendered":"https:\/\/zonalimitrofe-cbnr.com\/?p=16254"},"modified":"2025-02-15T13:58:21","modified_gmt":"2025-02-15T19:58:21","slug":"durango-juntos-y-en-equipo-gobiernos-de-esteban-y-tono-fortalecen-acciones-para-prevenir-y-erradicar-el-trabajo-infantil","status":"publish","type":"post","link":"https:\/\/zonalimitrofe-cbnr.com\/index.php\/2025\/02\/15\/durango-juntos-y-en-equipo-gobiernos-de-esteban-y-tono-fortalecen-acciones-para-prevenir-y-erradicar-el-trabajo-infantil\/","title":{"rendered":"#Durango. Juntos y en equipo, Gobiernos de Esteban y To\u00f1o fortalecen acciones para prevenir y erradicar el trabajo infantil*"},"content":{"rendered":"\n<ul>\n<li><em>Firm\u00f3 un convenio la Secretaria del Trabajo y Previsi\u00f3n Social con el Gobierno Municipal de Durango para trabajar de manera conjunta.<\/em><\/li>\n\n\n\n<li><em>La Secretaria Berenice Morales tom\u00f3 protesta a la Comisi\u00f3n Intersecretarial de Prevenci\u00f3n CITI del municipio de Durango.<\/em><\/li>\n\n\n\n<li><em>El alcalde To\u00f1o Ochoa reconoci\u00f3 la mano amiga del Gobernador, al priorizar este compromiso con la ni\u00f1ez y los adolescentes.<\/em><\/li>\n<\/ul>\n\n\n\n<p>Con la finalidad de priorizar la prevenci\u00f3n y erradicaci\u00f3n del trabajo infantil y proteger a los adolescentes que cuentan con edad para realizar alguna actividad laboral, el gobierno de Esteban Villegas Villarreal firm\u00f3 un convenio de colaboraci\u00f3n con el Gobierno Municipal que encabeza To\u00f1o Ochoa, el cual permitir\u00e1 actuar de manera conjunta en la revisi\u00f3n de las actividades laborales en la v\u00eda p\u00fablica o en centros comerciales y\/o de servicios, verificando que los menores que se encuentren en estas \u00e1reas mantengan condiciones de educaci\u00f3n y bienestar dentro de su n\u00facleo familiar.<\/p>\n\n\n\n<p>As\u00ed lo dio a conocer la secretaria del Trabajo y Previsi\u00f3n Social, Bel\u00e9n Berenice Morales de \u00c1vila quien en representaci\u00f3n del Gobernador del Estado tom\u00f3 protesta a la Comisi\u00f3n Intersecretarial de Prevenci\u00f3n y Erradicaci\u00f3n al Trabajo Infantil y Protecci\u00f3n de Adolescentes en Edad Permitida para laborar -CITI- del municipio de Durango, la cual estar\u00e1 coordinando con las dependencias y entidades de la administraci\u00f3n, el dise\u00f1o, ejecuci\u00f3n y evaluaci\u00f3n de las pol\u00edticas p\u00fablicas, programas y acciones del Gobierno Municipal en esta materia.<\/p>\n\n\n\n<p>\u201cEl futuro de nuestra ni\u00f1ez comienza desde ahora y el respeto a sus derechos es una prioridad para el Gobierno de Esteban Villegas Villarreal, por lo que quiero agradecer al presidente municipal To\u00f1o Ochoa, su disposici\u00f3n y apoyo para conformar este grupo interinstitucional, como una muestra m\u00e1s del trabajo en equipo que el Gobernador y usted han mantenido y que nos permitir\u00e1 renacer con mayor fuerza en Durango\u201d, afirm\u00f3 la titular de la STPS.<\/p>\n\n\n\n<p>Destac\u00f3 tambi\u00e9n la labor que llevan a cabo Marisol Rosso Rivera en el DIF Estatal y Guadalupe Ochoa Rodr\u00edguez en el municipio de Durango brind\u00e1ndoles a las ni\u00f1as, ni\u00f1os y adolescentes, los apoyos necesarios para su formaci\u00f3n, con gran vocaci\u00f3n de servicio, humanista y mucha sensibilidad.<\/p>\n\n\n\n<p>Por su parte, el alcalde To\u00f1o Ochoa expres\u00f3 que se da un paso firme en la protecci\u00f3n de los m\u00e1s peque\u00f1os de la gran familia duranguense, ya que con la instalaci\u00f3n de esta Comisi\u00f3n Intersecretarial asumen como Gobierno Municipal un compromiso en un solo sentido y con un prop\u00f3sito com\u00fan que es garantizar que la infancia tenga realmente lo que merece, que son educaci\u00f3n, esperanza y un presente colmado de oportunidades.<\/p>\n\n\n\n<p>\u201cReconozco en la secretaria del Trabajo y Previsi\u00f3n Social y Secretaria Ejecutiva de la CITI, Bel\u00e9n Berenice Morales de \u00c1vila, la mano amiga del gobernador Esteban Villegas Villarreal, quien siempre ha tenido esta solidaridad con esta gran ciudad y nuestro municipio, y por supuesto que en equipo seguimos trabajando para llevar a Durango y su ni\u00f1ez mucho m\u00e1s lejos, porque en esta bendita tierra el futuro lo construimos todas y todos\u201d, mencion\u00f3 el edil capitalino.<\/p>\n\n\n\n<p>Esta Comisi\u00f3n es presidida por el Alcalde de Durango quien, a su vez, nombr\u00f3 coordinador de la misma, al director general del DIF Municipal, Efra\u00edn de los R\u00edos D\u00edaz, la cual est\u00e1 integrada por los titulares de las direcciones del Gobierno Municipal.<\/p>\n\n\n\n<p>La Directora de Atenci\u00f3n a Grupos Vulnerables de la Secretar\u00eda del Trabajo y Previsi\u00f3n Social, y secretar\u00eda t\u00e9cnica de la Comisi\u00f3n Intersecretarial de Erradicaci\u00f3n al Trabajo Infantil en el estado, Marisol D\u00edaz Rubio, fue la encargada de dar la bienvenida y explicar la finalidad de este Convenio y las atribuciones y obligaciones que tendr\u00e1 la Comisi\u00f3n del Gobierno Municipal de Durango.<\/p>\n","protected":false},"excerpt":{"rendered":"<p>Con la finalidad de priorizar la prevenci\u00f3n y erradicaci\u00f3n del trabajo infantil y proteger a los adolescentes que cuentan con edad para realizar alguna actividad laboral, el gobierno de Esteban Villegas Villarreal firm\u00f3 un convenio de colaboraci\u00f3n con el Gobierno Municipal que encabeza To\u00f1o Ochoa, el cual permitir\u00e1 actuar de manera conjunta en la revisi\u00f3n [&hellip;]<\/p>\n","protected":false},"author":1,"featured_media":16255,"comment_status":"open","ping_status":"open","sticky":false,"template":"","format":"standard","meta":{"_monsterinsights_skip_tracking":false,"_monsterinsights_sitenote_active":false,"_monsterinsights_sitenote_note":"","_monsterinsights_sitenote_category":0,"footnotes":""},"categories":[1],"tags":[],"_links":{"self":[{"href":"https:\/\/zonalimitrofe-cbnr.com\/index.php\/wp-json\/wp\/v2\/posts\/16254"}],"collection":[{"href":"https:\/\/zonalimitrofe-cbnr.com\/index.php\/wp-json\/wp\/v2\/posts"}],"about":[{"href":"https:\/\/zonalimitrofe-cbnr.com\/index.php\/wp-json\/wp\/v2\/types\/post"}],"author":[{"embeddable":true,"href":"https:\/\/zonalimitrofe-cbnr.com\/index.php\/wp-json\/wp\/v2\/users\/1"}],"replies":[{"embeddable":true,"href":"https:\/\/zonalimitrofe-cbnr.com\/index.php\/wp-json\/wp\/v2\/comments?post=16254"}],"version-history":[{"count":1,"href":"https:\/\/zonalimitrofe-cbnr.com\/index.php\/wp-json\/wp\/v2\/posts\/16254\/revisions"}],"predecessor-version":[{"id":16256,"href":"https:\/\/zonalimitrofe-cbnr.com\/index.php\/wp-json\/wp\/v2\/posts\/16254\/revisions\/16256"}],"wp:featuredmedia":[{"embeddable":true,"href":"https:\/\/zonalimitrofe-cbnr.com\/index.php\/wp-json\/wp\/v2\/media\/16255"}],"wp:attachment":[{"href":"https:\/\/zonalimitrofe-cbnr.com\/index.php\/wp-json\/wp\/v2\/media?parent=16254"}],"wp:term":[{"taxonomy":"category","embeddable":true,"href":"https:\/\/zonalimitrofe-cbnr.com\/index.php\/wp-json\/wp\/v2\/categories?post=16254"},{"taxonomy":"post_tag","embeddable":true,"href":"https:\/\/zonalimitrofe-cbnr.com\/index.php\/wp-json\/wp\/v2\/tags?post=16254"}],"curies":[{"name":"wp","href":"https:\/\/api.w.org\/{rel}","templated":true}]}}