{"id":16251,"date":"2025-02-15T13:52:56","date_gmt":"2025-02-15T19:52:56","guid":{"rendered":"https:\/\/zonalimitrofe-cbnr.com\/?p=16251"},"modified":"2025-02-15T13:52:56","modified_gmt":"2025-02-15T19:52:56","slug":"torreon-paseo-colon-contara-con-nuevos-shows-infantiles-en-el-escenario-principal","status":"publish","type":"post","link":"https:\/\/zonalimitrofe-cbnr.com\/index.php\/2025\/02\/15\/torreon-paseo-colon-contara-con-nuevos-shows-infantiles-en-el-escenario-principal\/","title":{"rendered":"#Torre\u00f3n. Paseo Col\u00f3n contar\u00e1 con nuevos shows infantiles en el escenario principal"},"content":{"rendered":"\n<p>Torre\u00f3n, Coahuila. A 15 de febrero de 2025<\/p>\n\n\n\n<p>Ma\u00f1ana, el Paseo Col\u00f3n ofrecer\u00e1 una jornada llena de entretenimiento y cultura con nuevos espect\u00e1culos infantiles en el escenario principal, ubicado sobre la avenida Abasolo, para el deleite de las familias que acuden cada domingo.<\/p>\n\n\n\n<p>Los torreonenses y visitantes de otros municipios podr\u00e1n disfrutar del Show infantil Nay Kids Show, la presentaci\u00f3n del &#8220;Show de Vaselina Disney&#8221; por el grupo Happy Party, y la m\u00fasica del Grupo Vers\u00e1til \u201cEra Music\u201d.<\/p>\n\n\n\n<p>La directora del Paseo Col\u00f3n y Centros Comunitarios, Ana del Toro Mu\u00f1oz, inform\u00f3 que estas actividades corresponden a la convocatoria lanzada a principios del mes, donde se invit\u00f3 a artistas y grupos locales a formar parte de las presentaciones, buscando fomentar la participaci\u00f3n de talento local.<\/p>\n\n\n\n<p>Dio a conocer que adem\u00e1s de los espect\u00e1culos en el escenario principal, se contar\u00e1 con las actividades dominicales por parte del Instituto Municipal de Cultura y Educaci\u00f3n (IMCE), sobre la avenida Morelos desde las 08:00 hasta las 13:00 horas, entre las que destacan el Paseo cultural de arte y artesan\u00edas, el bazar del libro y un taller de apreciaci\u00f3n de arte.<\/p>\n\n\n\n<p>Otro de los eventos destacados ser\u00e1 la Ruta 115 &#8220;La historia de Torre\u00f3n a trav\u00e9s de sus museos&#8221;, que ofrecer\u00e1 un viaje en tranv\u00eda de la Oficina de Convenciones y Visitantes (OCV), de 10:00 a 11:00 horas.<\/p>\n\n\n\n<p>El bazar cultural y artesanal &#8220;Mi Mercadito 222&#8221;, de 08:00 a 13:00 horas, y la exhibici\u00f3n del Cow Parade LALA, a lo largo de la calzada Col\u00f3n.<\/p>\n\n\n\n<p>La funcionaria dijo que para los m\u00e1s peque\u00f1os, el Paseo del Ni\u00f1o se activar\u00e1 en la avenida Ocampo de 09:00 a 13:00 horas, con juegos interactivos dise\u00f1ados para su diversi\u00f3n y desarrollo.<\/p>\n\n\n\n<p>Adem\u00e1s, estar\u00e1n a disposici\u00f3n del p\u00fablico opciones de movilidad recreativa como bicicletas, bici carros y patines, los cuales podr\u00e1n rentarse sobre la avenida Allende, de 08:00 a 13:00 horas.<\/p>\n\n\n\n<p>La jornada tambi\u00e9n contar\u00e1 como cada domingo con la presencia de diversas dependencias municipales que ofrecer\u00e1n actividades enfocadas en el bienestar y la participaci\u00f3n ciudadana.<\/p>\n\n\n\n<p>Del Toro Mu\u00f1oz indic\u00f3 que estas actividades forman parte de las iniciativas de la Administraci\u00f3n Municipal encabezada por el alcalde Rom\u00e1n Alberto Cepeda Gonz\u00e1lez, para continuar activando los espacios p\u00fablicos y fomentar la convivencia familiar en Torre\u00f3n.<\/p>\n","protected":false},"excerpt":{"rendered":"<p>Torre\u00f3n, Coahuila. A 15 de febrero de 2025 Ma\u00f1ana, el Paseo Col\u00f3n ofrecer\u00e1 una jornada llena de entretenimiento y cultura con nuevos espect\u00e1culos infantiles en el escenario principal, ubicado sobre la avenida Abasolo, para el deleite de las familias que acuden cada domingo. Los torreonenses y visitantes de otros municipios podr\u00e1n disfrutar del Show infantil [&hellip;]<\/p>\n","protected":false},"author":1,"featured_media":16252,"comment_status":"open","ping_status":"open","sticky":false,"template":"","format":"standard","meta":{"_monsterinsights_skip_tracking":false,"_monsterinsights_sitenote_active":false,"_monsterinsights_sitenote_note":"","_monsterinsights_sitenote_category":0,"footnotes":""},"categories":[1],"tags":[],"_links":{"self":[{"href":"https:\/\/zonalimitrofe-cbnr.com\/index.php\/wp-json\/wp\/v2\/posts\/16251"}],"collection":[{"href":"https:\/\/zonalimitrofe-cbnr.com\/index.php\/wp-json\/wp\/v2\/posts"}],"about":[{"href":"https:\/\/zonalimitrofe-cbnr.com\/index.php\/wp-json\/wp\/v2\/types\/post"}],"author":[{"embeddable":true,"href":"https:\/\/zonalimitrofe-cbnr.com\/index.php\/wp-json\/wp\/v2\/users\/1"}],"replies":[{"embeddable":true,"href":"https:\/\/zonalimitrofe-cbnr.com\/index.php\/wp-json\/wp\/v2\/comments?post=16251"}],"version-history":[{"count":1,"href":"https:\/\/zonalimitrofe-cbnr.com\/index.php\/wp-json\/wp\/v2\/posts\/16251\/revisions"}],"predecessor-version":[{"id":16253,"href":"https:\/\/zonalimitrofe-cbnr.com\/index.php\/wp-json\/wp\/v2\/posts\/16251\/revisions\/16253"}],"wp:featuredmedia":[{"embeddable":true,"href":"https:\/\/zonalimitrofe-cbnr.com\/index.php\/wp-json\/wp\/v2\/media\/16252"}],"wp:attachment":[{"href":"https:\/\/zonalimitrofe-cbnr.com\/index.php\/wp-json\/wp\/v2\/media?parent=16251"}],"wp:term":[{"taxonomy":"category","embeddable":true,"href":"https:\/\/zonalimitrofe-cbnr.com\/index.php\/wp-json\/wp\/v2\/categories?post=16251"},{"taxonomy":"post_tag","embeddable":true,"href":"https:\/\/zonalimitrofe-cbnr.com\/index.php\/wp-json\/wp\/v2\/tags?post=16251"}],"curies":[{"name":"wp","href":"https:\/\/api.w.org\/{rel}","templated":true}]}}