{"id":16242,"date":"2025-02-15T13:39:27","date_gmt":"2025-02-15T19:39:27","guid":{"rendered":"https:\/\/zonalimitrofe-cbnr.com\/?p=16242"},"modified":"2025-02-15T13:39:27","modified_gmt":"2025-02-15T19:39:27","slug":"lerdo-concientizan-a-alumnos-de-lerdo-en-tema-de-violencia-en-el-noviazgo","status":"publish","type":"post","link":"https:\/\/zonalimitrofe-cbnr.com\/index.php\/2025\/02\/15\/lerdo-concientizan-a-alumnos-de-lerdo-en-tema-de-violencia-en-el-noviazgo\/","title":{"rendered":"#Lerdo. CONCIENTIZAN A ALUMNOS DE LERDO EN TEMA DE VIOLENCIA EN EL NOVIAZGO*"},"content":{"rendered":"\n<p>Lerdo, 15 de febrero 2025.- En el marco del D\u00eda del Amor y de la Amistad, el Instituto Municipal de la Mujer en Lerdo imparti\u00f3 una pl\u00e1tica informativa y de concientizaci\u00f3n en el CBTIS #4, con el tema &#8220;Violencia en el Noviazgo&#8221;.<\/p>\n\n\n\n<p>La directora del instituto, Mar\u00eda del Refugio Adame G\u00fcereca, record\u00f3 que el Presidente Municipal Homero Mart\u00ednez Cabrera le ha instruido para informar y empoderar a las mujeres del municipio, en temas tan relevantes como lo es conocer las se\u00f1ales de alerta y violencia, tambi\u00e9n llamadas &#8220;red flags&#8221;. Y as\u00ed mismo, apoyar a las y los j\u00f3venes para fortalecer su autoestima y evitar que sufran alg\u00fan tipo de maltrato.<\/p>\n\n\n\n<p>Fue la coordinadora del programa Esmeralda 911, Ana Isabel Villegas Morales, quien brind\u00f3 esta conferencia para los alumnos y alumnas del plantel educativo. A trav\u00e9s de una din\u00e1mica \u2018Anabel\u2019 Villegas, hizo a los j\u00f3venes pensar en y mencionar a cinco de las personas que m\u00e1s aprecian en su vida, y al percatarse que ninguna se mencion\u00f3 a s\u00ed mismo, les hizo la observaci\u00f3n.<\/p>\n\n\n\n<p>\u201c\u00bfY en qu\u00e9 lugar est\u00e1s t\u00fa? \u00a1Ojo ah\u00ed! Si no me cuido, me amo y me respeto yo, \u00bfc\u00f3mo voy a querer que los dem\u00e1s lo hagan? Es decir, lo primero en el amor es el Amor Propio\u201d<\/p>\n\n\n\n<p>Indic\u00f3 que este (el amor propio) es el primer paso para establecer una relaci\u00f3n sana en pareja, \u201c\u00bfPor qu\u00e9 no se mencionaron? No es que no se quieran, lo que pasa es que ustedes pensaron primero en los dem\u00e1s y todos hacemos eso. Hay que empezar a reeducarnos a que primero soy yo. Si no estoy bien yo, lo dem\u00e1s no va a caminar bien\u201d<\/p>\n\n\n\n<p>Exhort\u00f3 a las y los alumnos para cuidar de su salud; f\u00edsica, mental, psicol\u00f3gica y espiritual, as\u00ed como atender sus necesidades, tanto f\u00edsicas como emocionales, reconocerse y sentirse personas valerosas, valientes, importantes.<\/p>\n\n\n\n<p>La titular del IMM, Refugio Adame, se\u00f1al\u00f3 que este tipo de conferencias son parte de las actividades que impulsa el Instituto de la Mujer, promoviendo los derechos a una vida libre de violencia mediante la educaci\u00f3n, y trabajando de la mano con el Dr. Homero Mart\u00ednez Cabrera, Alcalde de Lerdo, por un Lerdo de resultados.<\/p>\n","protected":false},"excerpt":{"rendered":"<p>Lerdo, 15 de febrero 2025.- En el marco del D\u00eda del Amor y de la Amistad, el Instituto Municipal de la Mujer en Lerdo imparti\u00f3 una pl\u00e1tica informativa y de concientizaci\u00f3n en el CBTIS #4, con el tema &#8220;Violencia en el Noviazgo&#8221;. La directora del instituto, Mar\u00eda del Refugio Adame G\u00fcereca, record\u00f3 que el Presidente [&hellip;]<\/p>\n","protected":false},"author":1,"featured_media":16243,"comment_status":"open","ping_status":"open","sticky":false,"template":"","format":"standard","meta":{"_monsterinsights_skip_tracking":false,"_monsterinsights_sitenote_active":false,"_monsterinsights_sitenote_note":"","_monsterinsights_sitenote_category":0,"footnotes":""},"categories":[1],"tags":[],"_links":{"self":[{"href":"https:\/\/zonalimitrofe-cbnr.com\/index.php\/wp-json\/wp\/v2\/posts\/16242"}],"collection":[{"href":"https:\/\/zonalimitrofe-cbnr.com\/index.php\/wp-json\/wp\/v2\/posts"}],"about":[{"href":"https:\/\/zonalimitrofe-cbnr.com\/index.php\/wp-json\/wp\/v2\/types\/post"}],"author":[{"embeddable":true,"href":"https:\/\/zonalimitrofe-cbnr.com\/index.php\/wp-json\/wp\/v2\/users\/1"}],"replies":[{"embeddable":true,"href":"https:\/\/zonalimitrofe-cbnr.com\/index.php\/wp-json\/wp\/v2\/comments?post=16242"}],"version-history":[{"count":1,"href":"https:\/\/zonalimitrofe-cbnr.com\/index.php\/wp-json\/wp\/v2\/posts\/16242\/revisions"}],"predecessor-version":[{"id":16244,"href":"https:\/\/zonalimitrofe-cbnr.com\/index.php\/wp-json\/wp\/v2\/posts\/16242\/revisions\/16244"}],"wp:featuredmedia":[{"embeddable":true,"href":"https:\/\/zonalimitrofe-cbnr.com\/index.php\/wp-json\/wp\/v2\/media\/16243"}],"wp:attachment":[{"href":"https:\/\/zonalimitrofe-cbnr.com\/index.php\/wp-json\/wp\/v2\/media?parent=16242"}],"wp:term":[{"taxonomy":"category","embeddable":true,"href":"https:\/\/zonalimitrofe-cbnr.com\/index.php\/wp-json\/wp\/v2\/categories?post=16242"},{"taxonomy":"post_tag","embeddable":true,"href":"https:\/\/zonalimitrofe-cbnr.com\/index.php\/wp-json\/wp\/v2\/tags?post=16242"}],"curies":[{"name":"wp","href":"https:\/\/api.w.org\/{rel}","templated":true}]}}