{"id":1624,"date":"2024-02-10T16:25:58","date_gmt":"2024-02-10T22:25:58","guid":{"rendered":"https:\/\/zonalimitrofe-cbnr.com\/?p=1624"},"modified":"2024-02-10T16:25:58","modified_gmt":"2024-02-10T22:25:58","slug":"lerdo-llevan-a-nazareno-programa-alimentario","status":"publish","type":"post","link":"https:\/\/zonalimitrofe-cbnr.com\/index.php\/2024\/02\/10\/lerdo-llevan-a-nazareno-programa-alimentario\/","title":{"rendered":"#Lerdo. LLEVAN A NAZARENO PROGRAMA ALIMENTARIO"},"content":{"rendered":"\n<p>Lerdo 10 febrero 2024.- El pasado viernes, la presidente honoraria Susy Torrecillas Salazar, acompa\u00f1ada por su equipo de trabajo DIF, visit\u00f3 la comunidad de Nazareno 3 para hacer la entrega de los productos del programa Alimentario a los beneficiarios.<\/p>\n\n\n\n<p>La tambi\u00e9n diputada local, comparti\u00f3 que junto a su esposo, el Presidente Municipal de Lerdo Homero Mart\u00ednez Cabrera, mantienen un compromiso con las familias de Lerdo para acercar este programa, que baja del DIF Estatal.<\/p>\n\n\n\n<p>A\u00f1adi\u00f3 que gracias a esta iniciativa, el beneficio es directo en la econom\u00eda de los lerdenses, se asegura que reciban el apoyo necesario para cubrir las necesidades b\u00e1sicas y fortalecer su salud.<\/p>\n\n\n\n<p>Por su parte, la directora del Sistema para el Desarrollo Integral de la Familia (DIF) en Lerdo, Olivia Ivonne Guti\u00e9rrez Garc\u00eda reconoci\u00f3 el trabajo de la diputada Susy Torrecillas y el Alcalde Homero Mart\u00ednez, y se puso a disposici\u00f3n de los habitantes de la comunidad para ofrecerles los servicios gratuitos que el DIF mantiene.<\/p>\n\n\n\n<p>Cabe destacar que en d\u00edas pasados tambi\u00e9n se visitaron las colonias San Daniel y Las Margaritas con el programa alimentario que entrega art\u00edculos de la canasta b\u00e1sica a personas con discapacidad, embarazadas, adultos mayores, y para ni\u00f1os.<\/p>\n","protected":false},"excerpt":{"rendered":"<p>Lerdo 10 febrero 2024.- El pasado viernes, la presidente honoraria Susy Torrecillas Salazar, acompa\u00f1ada por su equipo de trabajo DIF, visit\u00f3 la comunidad de Nazareno 3 para hacer la entrega de los productos del programa Alimentario a los beneficiarios. La tambi\u00e9n diputada local, comparti\u00f3 que junto a su esposo, el Presidente Municipal de Lerdo Homero [&hellip;]<\/p>\n","protected":false},"author":1,"featured_media":1625,"comment_status":"open","ping_status":"open","sticky":false,"template":"","format":"standard","meta":{"_monsterinsights_skip_tracking":false,"_monsterinsights_sitenote_active":false,"_monsterinsights_sitenote_note":"","_monsterinsights_sitenote_category":0,"footnotes":""},"categories":[1],"tags":[],"_links":{"self":[{"href":"https:\/\/zonalimitrofe-cbnr.com\/index.php\/wp-json\/wp\/v2\/posts\/1624"}],"collection":[{"href":"https:\/\/zonalimitrofe-cbnr.com\/index.php\/wp-json\/wp\/v2\/posts"}],"about":[{"href":"https:\/\/zonalimitrofe-cbnr.com\/index.php\/wp-json\/wp\/v2\/types\/post"}],"author":[{"embeddable":true,"href":"https:\/\/zonalimitrofe-cbnr.com\/index.php\/wp-json\/wp\/v2\/users\/1"}],"replies":[{"embeddable":true,"href":"https:\/\/zonalimitrofe-cbnr.com\/index.php\/wp-json\/wp\/v2\/comments?post=1624"}],"version-history":[{"count":1,"href":"https:\/\/zonalimitrofe-cbnr.com\/index.php\/wp-json\/wp\/v2\/posts\/1624\/revisions"}],"predecessor-version":[{"id":1626,"href":"https:\/\/zonalimitrofe-cbnr.com\/index.php\/wp-json\/wp\/v2\/posts\/1624\/revisions\/1626"}],"wp:featuredmedia":[{"embeddable":true,"href":"https:\/\/zonalimitrofe-cbnr.com\/index.php\/wp-json\/wp\/v2\/media\/1625"}],"wp:attachment":[{"href":"https:\/\/zonalimitrofe-cbnr.com\/index.php\/wp-json\/wp\/v2\/media?parent=1624"}],"wp:term":[{"taxonomy":"category","embeddable":true,"href":"https:\/\/zonalimitrofe-cbnr.com\/index.php\/wp-json\/wp\/v2\/categories?post=1624"},{"taxonomy":"post_tag","embeddable":true,"href":"https:\/\/zonalimitrofe-cbnr.com\/index.php\/wp-json\/wp\/v2\/tags?post=1624"}],"curies":[{"name":"wp","href":"https:\/\/api.w.org\/{rel}","templated":true}]}}