{"id":16227,"date":"2025-02-14T14:49:14","date_gmt":"2025-02-14T20:49:14","guid":{"rendered":"https:\/\/zonalimitrofe-cbnr.com\/?p=16227"},"modified":"2025-02-14T14:49:14","modified_gmt":"2025-02-14T20:49:14","slug":"torreon-celebraran-el-dia-nacional-del-aguila-real-en-paseo-colon","status":"publish","type":"post","link":"https:\/\/zonalimitrofe-cbnr.com\/index.php\/2025\/02\/14\/torreon-celebraran-el-dia-nacional-del-aguila-real-en-paseo-colon\/","title":{"rendered":"#Torre\u00f3n. Celebrar\u00e1n el D\u00eda Nacional del \u00c1guila Real en Paseo Col\u00f3n"},"content":{"rendered":"\n<p>Torre\u00f3n, Coahuila. A 14 de febrero de 2025<\/p>\n\n\n\n<p>En el marco del D\u00eda Nacional del \u00c1guila Real que se estableci\u00f3 como el 13 de febrero, la Direcci\u00f3n General de Medio Ambiente (DGMA) dedicar\u00e1 sus actividades a esta tem\u00e1tica, el pr\u00f3ximo domingo en el Paseo Col\u00f3n.<\/p>\n\n\n\n<p>La din\u00e1mica tendr\u00e1 lugar en el m\u00f3dulo de la dependencia localizado dentro de este corredor, en el camell\u00f3n de la avenida Escobedo y Ocampo, a partir de las 09:00 horas.<\/p>\n\n\n\n<p>El director de la dependencia, Marcelo S\u00e1nchez Adame, destac\u00f3 que la programaci\u00f3n est\u00e1 dise\u00f1ada para que las familias que visitan el Paseo Col\u00f3n, puedan conocer acerca del \u00e1guila real, su importancia ecol\u00f3gica y las amenazas que enfrenta de sobrevivencia.<\/p>\n\n\n\n<p>En ese sentido, detall\u00f3 que se llevar\u00e1n a cabo diversas actividades educativas en torno a la especie como ilustraciones, informaci\u00f3n sobre su h\u00e1bitat y conservaci\u00f3n, as\u00ed como otros recursos did\u00e1cticos.<\/p>\n\n\n\n<p>S\u00e1nchez Adame inform\u00f3 que para esta actividad, estar\u00e1 como invitado Jorge Luis Cortinas Salazar, maestro en neuroetolog\u00eda, para ayudar a los asistentes a comprender mejor la biolog\u00eda y h\u00e1bitos del \u00e1guila real, as\u00ed como la relaci\u00f3n entre su comportamiento y su entorno natural.<\/p>\n\n\n\n<p>Adem\u00e1s, el director de Medio Ambiente resalt\u00f3 la importancia de esta especie, pues el \u00e1guila real no solo es un s\u00edmbolo nacional de M\u00e9xico, sino que tambi\u00e9n se encuentra en peligro de extinci\u00f3n, y destac\u00f3 la necesidad de promover su protecci\u00f3n y recuperaci\u00f3n a trav\u00e9s de acciones como esta.<\/p>\n\n\n\n<p>S\u00e1nchez Adame indic\u00f3 que el evento forma parte de las estrategias de la Administraci\u00f3n Municipal que preside el alcalde Rom\u00e1n Alberto Cepeda Gonz\u00e1lez, con el objetivo de fortalecer la educaci\u00f3n ambiental y la conciencia ecol\u00f3gica entre la ciudadan\u00eda.<\/p>\n","protected":false},"excerpt":{"rendered":"<p>Torre\u00f3n, Coahuila. A 14 de febrero de 2025 En el marco del D\u00eda Nacional del \u00c1guila Real que se estableci\u00f3 como el 13 de febrero, la Direcci\u00f3n General de Medio Ambiente (DGMA) dedicar\u00e1 sus actividades a esta tem\u00e1tica, el pr\u00f3ximo domingo en el Paseo Col\u00f3n. La din\u00e1mica tendr\u00e1 lugar en el m\u00f3dulo de la dependencia [&hellip;]<\/p>\n","protected":false},"author":1,"featured_media":16228,"comment_status":"open","ping_status":"open","sticky":false,"template":"","format":"standard","meta":{"_monsterinsights_skip_tracking":false,"_monsterinsights_sitenote_active":false,"_monsterinsights_sitenote_note":"","_monsterinsights_sitenote_category":0,"footnotes":""},"categories":[1],"tags":[],"_links":{"self":[{"href":"https:\/\/zonalimitrofe-cbnr.com\/index.php\/wp-json\/wp\/v2\/posts\/16227"}],"collection":[{"href":"https:\/\/zonalimitrofe-cbnr.com\/index.php\/wp-json\/wp\/v2\/posts"}],"about":[{"href":"https:\/\/zonalimitrofe-cbnr.com\/index.php\/wp-json\/wp\/v2\/types\/post"}],"author":[{"embeddable":true,"href":"https:\/\/zonalimitrofe-cbnr.com\/index.php\/wp-json\/wp\/v2\/users\/1"}],"replies":[{"embeddable":true,"href":"https:\/\/zonalimitrofe-cbnr.com\/index.php\/wp-json\/wp\/v2\/comments?post=16227"}],"version-history":[{"count":1,"href":"https:\/\/zonalimitrofe-cbnr.com\/index.php\/wp-json\/wp\/v2\/posts\/16227\/revisions"}],"predecessor-version":[{"id":16229,"href":"https:\/\/zonalimitrofe-cbnr.com\/index.php\/wp-json\/wp\/v2\/posts\/16227\/revisions\/16229"}],"wp:featuredmedia":[{"embeddable":true,"href":"https:\/\/zonalimitrofe-cbnr.com\/index.php\/wp-json\/wp\/v2\/media\/16228"}],"wp:attachment":[{"href":"https:\/\/zonalimitrofe-cbnr.com\/index.php\/wp-json\/wp\/v2\/media?parent=16227"}],"wp:term":[{"taxonomy":"category","embeddable":true,"href":"https:\/\/zonalimitrofe-cbnr.com\/index.php\/wp-json\/wp\/v2\/categories?post=16227"},{"taxonomy":"post_tag","embeddable":true,"href":"https:\/\/zonalimitrofe-cbnr.com\/index.php\/wp-json\/wp\/v2\/tags?post=16227"}],"curies":[{"name":"wp","href":"https:\/\/api.w.org\/{rel}","templated":true}]}}