{"id":15622,"date":"2025-02-01T14:13:30","date_gmt":"2025-02-01T20:13:30","guid":{"rendered":"https:\/\/zonalimitrofe-cbnr.com\/?p=15622"},"modified":"2025-02-01T14:13:30","modified_gmt":"2025-02-01T20:13:30","slug":"durango-renacen-oportunidades-de-empleo-bien-pagado-en-durango-con-educacion-y-trabajo","status":"publish","type":"post","link":"https:\/\/zonalimitrofe-cbnr.com\/index.php\/2025\/02\/01\/durango-renacen-oportunidades-de-empleo-bien-pagado-en-durango-con-educacion-y-trabajo\/","title":{"rendered":"#Durango. Renacen oportunidades de empleo bien pagado en Durango con educaci\u00f3n y trabajo*"},"content":{"rendered":"\n<ul>\n<li><em>Firman convenio STPS e IDEA para llevar educaci\u00f3n de calidad a buscadores de empleo, trabajadores y sus familias.<\/em><\/li>\n\n\n\n<li><em>El gobierno de Esteban Villegas une esfuerzos para combatir el analfabetismo y el rezago educativo.<\/em><\/li>\n<\/ul>\n\n\n\n<p>El gobernador Esteban Villegas Villarreal impulsa un Durango con empleos mejor remunerados, fortalece la llegada de nuevas inversiones y garantiza acceso a educaci\u00f3n de calidad para buscadores de empleo, trabajadores y sus familias, por lo que con el prop\u00f3sito de elevar el nivel educativo y abrir m\u00e1s oportunidades laborales, la Secretar\u00eda del Trabajo y Previsi\u00f3n Social (STPS) y el Instituto Duranguense de Educaci\u00f3n para Adultos (IDEA), firmaron un convenio de colaboraci\u00f3n.<\/p>\n\n\n\n<p>Berenice Morales de \u00c1vila, titular de la STPS, destac\u00f3 la importancia de este acuerdo al se\u00f1alar que su dependencia tiene la responsabilidad de vincular a las personas con oportunidades laborales donde puedan desarrollar sus habilidades y recibir un salario justo. Sin embargo, reconoci\u00f3 que la falta de educaci\u00f3n sigue siendo una de las principales barreras para acceder a mejores empleos.<\/p>\n\n\n\n<p>\u201cEl gobernador Esteban Villegas nos ha encomendado trabajar para ofrecer vacantes que representen un crecimiento profesional y con mejores condiciones laborales, sabiendo que la base para ello es la educaci\u00f3n. Este convenio nos genera resultados positivos a ambas instituciones porque trabajamos como un solo equipo, donde cada \u00e1rea tiene su funci\u00f3n, pero el objetivo es el mismo: impulsar a Durango\u201d, expres\u00f3 Morales de \u00c1vila.<\/p>\n\n\n\n<p>Por su parte, Guillermo Arce Valencia, director general del IDEA, explic\u00f3 que este acuerdo permitir\u00e1 brindar atenci\u00f3n a trabajadores y sus familias que a\u00fan no han concluido su educaci\u00f3n b\u00e1sica, adem\u00e1s de reconocer los conocimientos adquiridos a lo largo de su experiencia laboral.<\/p>\n\n\n\n<p>\u201cEs fundamental entender que este servicio est\u00e1 dise\u00f1ado para apoyar a los trabajadores y sus familias. Estamos convencidos de que cuando logran concluir alg\u00fan nivel educativo o finalizar sus estudios, sus vidas y las de sus seres queridos cambian significativamente\u201d, afirm\u00f3 Arce Valencia.<\/p>\n\n\n\n<p>Como parte del convenio, el Instituto Duranguense de Educaci\u00f3n para Adultos instalar\u00e1 un m\u00f3dulo de atenci\u00f3n en las oficinas del Servicio Nacional de Empleo, donde se proporcionar\u00e1 informaci\u00f3n a los interesados. Asimismo, se reactivar\u00e1 la Plaza Comunitaria en ese mismo espacio para facilitar el acceso a la educaci\u00f3n.<\/p>\n\n\n\n<p>La STPS, en coordinaci\u00f3n con las empresas, difundir\u00e1 los servicios educativos del IDEA y facilitar\u00e1 su promoci\u00f3n entre los trabajadores, conforme a lo estipulado en el Programa de Trabajo para la Operaci\u00f3n del Convenio.<\/p>\n\n\n\n<p>El subsecretario del Servicio Nacional de Empleo, \u00d3scar Ch\u00e1vez Ch\u00e1vez, reiter\u00f3 su compromiso de recuperar la Plaza Comunitaria dentro de sus instalaciones. Adem\u00e1s, anunci\u00f3 que a partir de ahora, el nivel educativo de quienes acudan en busca de empleo ser\u00e1 registrado en el esquema de atenci\u00f3n inicial, con el fin de canalizarlos a los programas de educaci\u00f3n y darles seguimiento.<\/p>\n\n\n\n<p>Con estas acciones, el gobierno de Durango reafirma su compromiso de fortalecer la educaci\u00f3n como un pilar fundamental para el desarrollo econ\u00f3mico y el bienestar de sus ciudadanos.<\/p>\n","protected":false},"excerpt":{"rendered":"<p>El gobernador Esteban Villegas Villarreal impulsa un Durango con empleos mejor remunerados, fortalece la llegada de nuevas inversiones y garantiza acceso a educaci\u00f3n de calidad para buscadores de empleo, trabajadores y sus familias, por lo que con el prop\u00f3sito de elevar el nivel educativo y abrir m\u00e1s oportunidades laborales, la Secretar\u00eda del Trabajo y Previsi\u00f3n [&hellip;]<\/p>\n","protected":false},"author":1,"featured_media":15623,"comment_status":"open","ping_status":"open","sticky":false,"template":"","format":"standard","meta":{"_monsterinsights_skip_tracking":false,"_monsterinsights_sitenote_active":false,"_monsterinsights_sitenote_note":"","_monsterinsights_sitenote_category":0,"footnotes":""},"categories":[1],"tags":[],"_links":{"self":[{"href":"https:\/\/zonalimitrofe-cbnr.com\/index.php\/wp-json\/wp\/v2\/posts\/15622"}],"collection":[{"href":"https:\/\/zonalimitrofe-cbnr.com\/index.php\/wp-json\/wp\/v2\/posts"}],"about":[{"href":"https:\/\/zonalimitrofe-cbnr.com\/index.php\/wp-json\/wp\/v2\/types\/post"}],"author":[{"embeddable":true,"href":"https:\/\/zonalimitrofe-cbnr.com\/index.php\/wp-json\/wp\/v2\/users\/1"}],"replies":[{"embeddable":true,"href":"https:\/\/zonalimitrofe-cbnr.com\/index.php\/wp-json\/wp\/v2\/comments?post=15622"}],"version-history":[{"count":1,"href":"https:\/\/zonalimitrofe-cbnr.com\/index.php\/wp-json\/wp\/v2\/posts\/15622\/revisions"}],"predecessor-version":[{"id":15624,"href":"https:\/\/zonalimitrofe-cbnr.com\/index.php\/wp-json\/wp\/v2\/posts\/15622\/revisions\/15624"}],"wp:featuredmedia":[{"embeddable":true,"href":"https:\/\/zonalimitrofe-cbnr.com\/index.php\/wp-json\/wp\/v2\/media\/15623"}],"wp:attachment":[{"href":"https:\/\/zonalimitrofe-cbnr.com\/index.php\/wp-json\/wp\/v2\/media?parent=15622"}],"wp:term":[{"taxonomy":"category","embeddable":true,"href":"https:\/\/zonalimitrofe-cbnr.com\/index.php\/wp-json\/wp\/v2\/categories?post=15622"},{"taxonomy":"post_tag","embeddable":true,"href":"https:\/\/zonalimitrofe-cbnr.com\/index.php\/wp-json\/wp\/v2\/tags?post=15622"}],"curies":[{"name":"wp","href":"https:\/\/api.w.org\/{rel}","templated":true}]}}