{"id":15619,"date":"2025-02-01T14:11:36","date_gmt":"2025-02-01T20:11:36","guid":{"rendered":"https:\/\/zonalimitrofe-cbnr.com\/?p=15619"},"modified":"2025-02-01T14:11:36","modified_gmt":"2025-02-01T20:11:36","slug":"coahuila-firma-sids-convenio-de-colaboracion-con-fundacion-pame","status":"publish","type":"post","link":"https:\/\/zonalimitrofe-cbnr.com\/index.php\/2025\/02\/01\/coahuila-firma-sids-convenio-de-colaboracion-con-fundacion-pame\/","title":{"rendered":"#Coahuila. FIRMA SIDS CONVENIO DE COLABORACI\u00d3N CON FUNDACI\u00d3N PAME"},"content":{"rendered":"\n<ul>\n<li>Apoyar\u00e1n con pr\u00f3tesis a ni\u00f1as y ni\u00f1os que no tengan acceso a ellas.<\/li>\n<\/ul>\n\n\n\n<p>Saltillo, Coahuila de Zaragoza; a 31 de enero de 2025.- La Secretar\u00eda de Inclusi\u00f3n y Desarrollo Social (SIDS) firm\u00f3 un convenio de colaboraci\u00f3n con la Fundaci\u00f3n PAME (Por Amor a M\u00e9xico) para conseguir pr\u00f3tesis para ni\u00f1as y ni\u00f1os que no tengan acceso a ellas.<\/p>\n\n\n\n<p>Enrique Mart\u00ednez y Morales, titular de la SIDS, mencion\u00f3 que la instrucci\u00f3n del gobernador Manolo Jim\u00e9nez Salinas es buscar siempre que el \u00e9xito econ\u00f3mico y social que est\u00e1 teniendo Coahuila sea para todos; indic\u00f3 que no estamos completos si hay grupos vulnerables que no gozan de estos beneficios del \u00e9xito que est\u00e1 teniendo Coahuila.<\/p>\n\n\n\n<p>\u201cPor eso estos esfuerzos de firma de convenios de colaboraci\u00f3n con organizaciones civiles que tienen fines muy nobles, como la fundaci\u00f3n PAME, con la que trabajaremos en equipo y dirigiendo los esfuerzos de manera conjunta hacia un fin com\u00fan\u201d, expres\u00f3.<\/p>\n\n\n\n<p>Se\u00f1al\u00f3 que la instrucci\u00f3n del gobernador Manolo Jim\u00e9nez es la de trabajar con la sociedad civil, trabajar con las organizaciones no gubernamentales para seguir haciendo equipo y obtener el resultado que queremos como estado, que es un mejor Coahuila, m\u00e1s justo, m\u00e1s equitativo y donde todos los grupos puedan formar parte de este desarrollo integral que est\u00e1 teniendo el Estado.<\/p>\n\n\n\n<p>Patricia Yeverino Mayola, de la Direcci\u00f3n para Promover la Igualdad y Prevenir la Discriminaci\u00f3n, mencion\u00f3 que los convenios que firma la Secretar\u00eda de Inclusi\u00f3n y Desarrollo Social tienen como objetivo establecer las bases para generar pol\u00edticas de inclusi\u00f3n en todo el estado.<\/p>\n\n\n\n<p>\u201cHoy nos reunimos para formalizar un compromiso que representa un puente de trabajo interinstitucional en pro de la ciudadan\u00eda coahuilense con un enfoque en sus infancias, adolescencias y juventudes con y sin discapacidad\u201d, dijo.<\/p>\n\n\n\n<p>Se\u00f1al\u00f3 que con la firma de voluntades entre la Secretar\u00eda de Inclusi\u00f3n y Desarrollo Social y PAME Fuerza de Juventud, se fortalece el trabajo continuo para transformar las vidas, derribando las barreras que hist\u00f3ricamente han limitado el desarrollo pleno de muchas personas.<\/p>\n\n\n\n<p>Abund\u00f3 que a trav\u00e9s de esta alianza con PAME, enfocar\u00e1n los esfuerzos en apoyar a quienes m\u00e1s lo necesitan, especialmente a las personas con discapacidad, para brindarles herramientas y oportunidades que les permitan ejercer plenamente sus derechos, mejorar su calidad de vida y participar activamente en sus comunidades.<\/p>\n\n\n\n<p>Silvia Garc\u00eda Rojas, directora de la Fundaci\u00f3n PAME Fuerza de Juventud, inform\u00f3 que una de sus principales metas es apoyar en la donaci\u00f3n de pr\u00f3tesis infantiles de pierna y brazo.<\/p>\n\n\n\n<p>Agradeci\u00f3 el apoyo de todo el equipo de la SIDS porque, dijo, enfocando esfuerzos y actuando en las \u00e1reas donde cada uno es experto, es como se avanzar\u00e1 en este compromiso de crear y dejar un mundo mejor para todos.<\/p>\n\n\n\n<p>En esta firma de convenio estuvieron presentes, adem\u00e1s, Luis Alberto Dur\u00e1n Herrera, subsecretario de Inclusi\u00f3n; Iv\u00e1n Terashima, director del Instituto Coahuilense de la Juventud.<\/p>\n","protected":false},"excerpt":{"rendered":"<p>Saltillo, Coahuila de Zaragoza; a 31 de enero de 2025.- La Secretar\u00eda de Inclusi\u00f3n y Desarrollo Social (SIDS) firm\u00f3 un convenio de colaboraci\u00f3n con la Fundaci\u00f3n PAME (Por Amor a M\u00e9xico) para conseguir pr\u00f3tesis para ni\u00f1as y ni\u00f1os que no tengan acceso a ellas. Enrique Mart\u00ednez y Morales, titular de la SIDS, mencion\u00f3 que la [&hellip;]<\/p>\n","protected":false},"author":1,"featured_media":15620,"comment_status":"open","ping_status":"open","sticky":false,"template":"","format":"standard","meta":{"_monsterinsights_skip_tracking":false,"_monsterinsights_sitenote_active":false,"_monsterinsights_sitenote_note":"","_monsterinsights_sitenote_category":0,"footnotes":""},"categories":[1],"tags":[],"_links":{"self":[{"href":"https:\/\/zonalimitrofe-cbnr.com\/index.php\/wp-json\/wp\/v2\/posts\/15619"}],"collection":[{"href":"https:\/\/zonalimitrofe-cbnr.com\/index.php\/wp-json\/wp\/v2\/posts"}],"about":[{"href":"https:\/\/zonalimitrofe-cbnr.com\/index.php\/wp-json\/wp\/v2\/types\/post"}],"author":[{"embeddable":true,"href":"https:\/\/zonalimitrofe-cbnr.com\/index.php\/wp-json\/wp\/v2\/users\/1"}],"replies":[{"embeddable":true,"href":"https:\/\/zonalimitrofe-cbnr.com\/index.php\/wp-json\/wp\/v2\/comments?post=15619"}],"version-history":[{"count":1,"href":"https:\/\/zonalimitrofe-cbnr.com\/index.php\/wp-json\/wp\/v2\/posts\/15619\/revisions"}],"predecessor-version":[{"id":15621,"href":"https:\/\/zonalimitrofe-cbnr.com\/index.php\/wp-json\/wp\/v2\/posts\/15619\/revisions\/15621"}],"wp:featuredmedia":[{"embeddable":true,"href":"https:\/\/zonalimitrofe-cbnr.com\/index.php\/wp-json\/wp\/v2\/media\/15620"}],"wp:attachment":[{"href":"https:\/\/zonalimitrofe-cbnr.com\/index.php\/wp-json\/wp\/v2\/media?parent=15619"}],"wp:term":[{"taxonomy":"category","embeddable":true,"href":"https:\/\/zonalimitrofe-cbnr.com\/index.php\/wp-json\/wp\/v2\/categories?post=15619"},{"taxonomy":"post_tag","embeddable":true,"href":"https:\/\/zonalimitrofe-cbnr.com\/index.php\/wp-json\/wp\/v2\/tags?post=15619"}],"curies":[{"name":"wp","href":"https:\/\/api.w.org\/{rel}","templated":true}]}}