{"id":15607,"date":"2025-01-31T18:03:27","date_gmt":"2025-02-01T00:03:27","guid":{"rendered":"https:\/\/zonalimitrofe-cbnr.com\/?p=15607"},"modified":"2025-01-31T18:03:27","modified_gmt":"2025-02-01T00:03:27","slug":"torreon-roman-alberto-cepeda-gonzalez-entrega-nuevos-nombramientos-de-directores","status":"publish","type":"post","link":"https:\/\/zonalimitrofe-cbnr.com\/index.php\/2025\/01\/31\/torreon-roman-alberto-cepeda-gonzalez-entrega-nuevos-nombramientos-de-directores\/","title":{"rendered":"#Torre\u00f3n. Rom\u00e1n Alberto Cepeda Gonz\u00e1lez entrega nuevos nombramientos de directores"},"content":{"rendered":"\n<p>Torre\u00f3n, Coahuila. A 31 de enero de 2025<\/p>\n\n\n\n<p>Este viernes, el alcalde Rom\u00e1n Alberto Cepeda Gonz\u00e1lez tom\u00f3 protesta a 15 integrantes m\u00e1s del Gabinete Municipal para el periodo 2025-2026-2027, a quienes<\/p>\n\n\n\n<p>exhort\u00f3 a trabajar con responsabilidad y compromiso con y para Torre\u00f3n.<\/p>\n\n\n\n<p>\u201cEl primero de enero de 2025 iniciamos una nueva Administraci\u00f3n, se abri\u00f3 un nuevo cap\u00edtulo, y aunque es el mismo Alcalde, el compromiso es diferente, porque Torre\u00f3n merece que lo demos todo y estamos parados en un punto de partida muy diferente al del primero de enero de 2022; el trabajo implica hoy una responsabilidad diferente\u201d, se\u00f1al\u00f3.<\/p>\n\n\n\n<p>Cepeda Gonz\u00e1lez se refri\u00f3 a la responsabilidad que actualmente demanda Torre\u00f3n, al ser una ciudad en constante crecimiento y con una sociedad que exige m\u00e1s.<\/p>\n\n\n\n<p>\u201cHoy Torre\u00f3n nos va a exigir m\u00e1s a todos, al Alcalde, a su equipo y tambi\u00e9n al \u00f3rgano colegiado, por eso nos obliga a dar m\u00e1s. Es una nueva Administraci\u00f3n, con nuevos compromisos, nuevos retos, en donde los invito a seguir trabajando y construyendo el Torre\u00f3n que todos queremos\u201d.<\/p>\n\n\n\n<p>Adem\u00e1s, el Alcalde reiter\u00f3 a los funcionarios que tienen su confianza, pero que habr\u00e1n de ganarse la confianza de la ciudadan\u00eda todos los d\u00edas.<\/p>\n\n\n\n<p>Por su parte, el secretario del Ayuntamiento, Jos\u00e9 El\u00edas Ganem Guerrero, exhort\u00f3 a quienes se integran al Gabinete Municipal, a trabajar con la responsabilidad que conlleva el voto de confianza del Alcalde.<\/p>\n\n\n\n<p>\u201cA partir de hoy, cada uno de ustedes desde su respectiva trinchera, est\u00e1n obligados en aportar lo mejor para y por el bien de Torre\u00f3n y de su gente, fallar o hacer las cosas mal no es opci\u00f3n, asumamos con responsabilidad este voto de confianza que el d\u00eda de hoy el Alcalde les otorga, trabajemos con entrega y dedicaci\u00f3n todos los d\u00edas. Juntos y coordinados de la mano del presidente, estoy seguro que construiremos el gran Torre\u00f3n que todos queremos, pues est\u00e1 demostrado que en unidad, con esfuerzo, dedicaci\u00f3n y firme compromiso, podemos superar cualquier reto\u201d, dijo.<\/p>\n\n\n\n<p>Los cargos entregados corresponden a: Amira Lucia Darwich Garc\u00eda, directora del Instituto Municipal de la Mujer; Jos\u00e9 Arturo Rangel Aguirre, director de Pensiones; Gerardo Viesca S\u00e1nchez, director de la Junta Municipal de Reclutamiento; Cinthia<\/p>\n\n\n\n<p>Gaspar Moreno, directora del Archivo Municipal; V\u00edctor Ramos Galindo, director de Plazas y Mercados; Cristian Manuel L\u00f3pez Ch\u00e1vez, director de Atenci\u00f3n Ciudadana.<\/p>\n\n\n\n<p>Adem\u00e1s de Blanca \u00c1lvarez Garza, directora de la Unidad de Prevenci\u00f3n Social de la Violencia; Martin Cha\u00fal Franch, director del Centro Hist\u00f3rico; Natalia Hoyos Guerrero, directora de Turismo.<\/p>\n\n\n\n<p>Napole\u00f3n Murillo Favela, director de Alumbrado P\u00fablico; Karla Citlaly Rodr\u00edguez Lozano, directora de Rastro Municipal; Demetrio Z\u00fa\u00f1iga Sordo, director de Limpieza; Ver\u00f3nica Mart\u00ednez Ram\u00edrez, directora de Panteones municipales; Neo Alberto Garc\u00eda Vargas, director de Espacios P\u00fablicos; y Francisco Javier Rojas Gonz\u00e1lez, director de Mantenimiento Urbano.<\/p>\n\n\n\n<p>Estuvieron presentes tambi\u00e9n: Angelina Garc\u00eda Ruenes, Jefa de Oficina del Presidente Municipal; y Fernando Ariel Mart\u00ednez, Jefe de Gabinete.<\/p>\n","protected":false},"excerpt":{"rendered":"<p>Torre\u00f3n, Coahuila. A 31 de enero de 2025 Este viernes, el alcalde Rom\u00e1n Alberto Cepeda Gonz\u00e1lez tom\u00f3 protesta a 15 integrantes m\u00e1s del Gabinete Municipal para el periodo 2025-2026-2027, a quienes exhort\u00f3 a trabajar con responsabilidad y compromiso con y para Torre\u00f3n. \u201cEl primero de enero de 2025 iniciamos una nueva Administraci\u00f3n, se abri\u00f3 un [&hellip;]<\/p>\n","protected":false},"author":1,"featured_media":15608,"comment_status":"open","ping_status":"open","sticky":false,"template":"","format":"standard","meta":{"_monsterinsights_skip_tracking":false,"_monsterinsights_sitenote_active":false,"_monsterinsights_sitenote_note":"","_monsterinsights_sitenote_category":0,"footnotes":""},"categories":[1],"tags":[],"_links":{"self":[{"href":"https:\/\/zonalimitrofe-cbnr.com\/index.php\/wp-json\/wp\/v2\/posts\/15607"}],"collection":[{"href":"https:\/\/zonalimitrofe-cbnr.com\/index.php\/wp-json\/wp\/v2\/posts"}],"about":[{"href":"https:\/\/zonalimitrofe-cbnr.com\/index.php\/wp-json\/wp\/v2\/types\/post"}],"author":[{"embeddable":true,"href":"https:\/\/zonalimitrofe-cbnr.com\/index.php\/wp-json\/wp\/v2\/users\/1"}],"replies":[{"embeddable":true,"href":"https:\/\/zonalimitrofe-cbnr.com\/index.php\/wp-json\/wp\/v2\/comments?post=15607"}],"version-history":[{"count":1,"href":"https:\/\/zonalimitrofe-cbnr.com\/index.php\/wp-json\/wp\/v2\/posts\/15607\/revisions"}],"predecessor-version":[{"id":15609,"href":"https:\/\/zonalimitrofe-cbnr.com\/index.php\/wp-json\/wp\/v2\/posts\/15607\/revisions\/15609"}],"wp:featuredmedia":[{"embeddable":true,"href":"https:\/\/zonalimitrofe-cbnr.com\/index.php\/wp-json\/wp\/v2\/media\/15608"}],"wp:attachment":[{"href":"https:\/\/zonalimitrofe-cbnr.com\/index.php\/wp-json\/wp\/v2\/media?parent=15607"}],"wp:term":[{"taxonomy":"category","embeddable":true,"href":"https:\/\/zonalimitrofe-cbnr.com\/index.php\/wp-json\/wp\/v2\/categories?post=15607"},{"taxonomy":"post_tag","embeddable":true,"href":"https:\/\/zonalimitrofe-cbnr.com\/index.php\/wp-json\/wp\/v2\/tags?post=15607"}],"curies":[{"name":"wp","href":"https:\/\/api.w.org\/{rel}","templated":true}]}}