{"id":15598,"date":"2025-01-31T17:58:19","date_gmt":"2025-01-31T23:58:19","guid":{"rendered":"https:\/\/zonalimitrofe-cbnr.com\/?p=15598"},"modified":"2025-01-31T17:58:19","modified_gmt":"2025-01-31T23:58:19","slug":"lerdo-gestiona-instituto-de-discapacidad-lerdo-citas-con-neurologos-a-bajo-costo","status":"publish","type":"post","link":"https:\/\/zonalimitrofe-cbnr.com\/index.php\/2025\/01\/31\/lerdo-gestiona-instituto-de-discapacidad-lerdo-citas-con-neurologos-a-bajo-costo\/","title":{"rendered":"#Lerdo. GESTIONA INSTITUTO DE DISCAPACIDAD LERDO CITAS CON NEUR\u00d3LOGOS A BAJO COSTO*"},"content":{"rendered":"\n<p>Lerdo, 31 de enero 2025.- La directora del Instituto Municipal para el Desarrollo y la Inclusi\u00f3n de Personas con Discapacidad en Lerdo, Karimme Lizeth Caldera Cer\u00f3n, se reuni\u00f3 con el Subdirector M\u00e9dico del Hospital Infantil Universitario, el Dr. Cipriano Rodr\u00edguez Mart\u00ednez, y la Trabajadora Social, Gloria Elena Lozano Redondo, para firmar un convenio de colaboraci\u00f3n y brindar a los Lerdenses citas m\u00e9dicas con neur\u00f3logos a bajo costo.<\/p>\n\n\n\n<p>La funcionaria hizo hincapi\u00e9 en que, por instrucci\u00f3n del Presidente Municipal Homero Mart\u00ednez Cabrera, se contin\u00faa creando lazos con diferentes instituciones de salud en apoyo a los habitantes de Lerdo, en esta ocasi\u00f3n se benefician a las familias, cuyos hijos requieren este tipo de consultas m\u00e9dicas con especialistas.<\/p>\n\n\n\n<p>\u201cHicimos un buen convenio, ahora tenemos m\u00e9dicos especialistas de calidad. Un neur\u00f3logo cobra alrededor de mil 600 pesos, aqu\u00ed estar\u00edan pagando menos del 15 por ciento de esa cantidad\u201d<\/p>\n\n\n\n<p>Con este acuerdo, se atender\u00e1n a los menores de 17 a\u00f1os de edad con discapacidad, canalizados por el Instituto Municipal de Lerdo, en el Hospital Infantil Universitario que cuenta con las especialidades de cardiolog\u00eda, gastroenterolog\u00eda, neonatolog\u00eda, nefrolog\u00eda, traumatolog\u00eda, neurocirujano, infectolog\u00eda, urolog\u00eda, alergolog\u00eda y pruebas cut\u00e1neas.<\/p>\n\n\n\n<p>As\u00ed como trauma y ortopedia, cirug\u00eda pedi\u00e1trica, cirug\u00eda pl\u00e1stica, oncolog\u00eda, hematolog\u00eda, oftalmolog\u00eda, otorrinolaringolog\u00eda, nutriolog\u00eda, psicolog\u00eda, dentista, cl\u00ednica del adolescente y control del ni\u00f1o de sano.<\/p>\n\n\n\n<p>La titular record\u00f3 que el Instituto Municipal para el Desarrollo y la Inclusi\u00f3n de Personas con Discapacidad se encuentra al interior de la Unidad Administrativa de San Isidro, en la calle Ram\u00f3n Leyva, entre L\u00f3pez Ray\u00f3n y Galeana, junto al Skate Park, en la colonia San Isidro. Y mantiene sus puertas abiertas de lunes a viernes en un horario de 8:00 de la ma\u00f1ana a 4:00 de la tarde.<\/p>\n\n\n\n<p>Adem\u00e1s, ponen a disposici\u00f3n la l\u00ednea telef\u00f3nica 87 11 59 30 92 para cualquier duda, en el mismo horario de atenci\u00f3n.<\/p>\n","protected":false},"excerpt":{"rendered":"<p>Lerdo, 31 de enero 2025.- La directora del Instituto Municipal para el Desarrollo y la Inclusi\u00f3n de Personas con Discapacidad en Lerdo, Karimme Lizeth Caldera Cer\u00f3n, se reuni\u00f3 con el Subdirector M\u00e9dico del Hospital Infantil Universitario, el Dr. Cipriano Rodr\u00edguez Mart\u00ednez, y la Trabajadora Social, Gloria Elena Lozano Redondo, para firmar un convenio de colaboraci\u00f3n [&hellip;]<\/p>\n","protected":false},"author":1,"featured_media":15599,"comment_status":"open","ping_status":"open","sticky":false,"template":"","format":"standard","meta":{"_monsterinsights_skip_tracking":false,"_monsterinsights_sitenote_active":false,"_monsterinsights_sitenote_note":"","_monsterinsights_sitenote_category":0,"footnotes":""},"categories":[1],"tags":[],"_links":{"self":[{"href":"https:\/\/zonalimitrofe-cbnr.com\/index.php\/wp-json\/wp\/v2\/posts\/15598"}],"collection":[{"href":"https:\/\/zonalimitrofe-cbnr.com\/index.php\/wp-json\/wp\/v2\/posts"}],"about":[{"href":"https:\/\/zonalimitrofe-cbnr.com\/index.php\/wp-json\/wp\/v2\/types\/post"}],"author":[{"embeddable":true,"href":"https:\/\/zonalimitrofe-cbnr.com\/index.php\/wp-json\/wp\/v2\/users\/1"}],"replies":[{"embeddable":true,"href":"https:\/\/zonalimitrofe-cbnr.com\/index.php\/wp-json\/wp\/v2\/comments?post=15598"}],"version-history":[{"count":1,"href":"https:\/\/zonalimitrofe-cbnr.com\/index.php\/wp-json\/wp\/v2\/posts\/15598\/revisions"}],"predecessor-version":[{"id":15600,"href":"https:\/\/zonalimitrofe-cbnr.com\/index.php\/wp-json\/wp\/v2\/posts\/15598\/revisions\/15600"}],"wp:featuredmedia":[{"embeddable":true,"href":"https:\/\/zonalimitrofe-cbnr.com\/index.php\/wp-json\/wp\/v2\/media\/15599"}],"wp:attachment":[{"href":"https:\/\/zonalimitrofe-cbnr.com\/index.php\/wp-json\/wp\/v2\/media?parent=15598"}],"wp:term":[{"taxonomy":"category","embeddable":true,"href":"https:\/\/zonalimitrofe-cbnr.com\/index.php\/wp-json\/wp\/v2\/categories?post=15598"},{"taxonomy":"post_tag","embeddable":true,"href":"https:\/\/zonalimitrofe-cbnr.com\/index.php\/wp-json\/wp\/v2\/tags?post=15598"}],"curies":[{"name":"wp","href":"https:\/\/api.w.org\/{rel}","templated":true}]}}