{"id":15551,"date":"2025-01-30T14:58:32","date_gmt":"2025-01-30T20:58:32","guid":{"rendered":"https:\/\/zonalimitrofe-cbnr.com\/?p=15551"},"modified":"2025-01-30T14:58:32","modified_gmt":"2025-01-30T20:58:32","slug":"durango-respaldo-del-gobernador-esteban-fundamental-para-que-piolin-martinez-inicie-carrera-profesional-en-boxeo-promotor","status":"publish","type":"post","link":"https:\/\/zonalimitrofe-cbnr.com\/index.php\/2025\/01\/30\/durango-respaldo-del-gobernador-esteban-fundamental-para-que-piolin-martinez-inicie-carrera-profesional-en-boxeo-promotor\/","title":{"rendered":"#Durango. Respaldo del Gobernador Esteban, fundamental para que \u201cPiol\u00edn\u201d Mart\u00ednez inicie carrera profesional en boxeo: promotor*"},"content":{"rendered":"\n<ul>\n<li><em>Fernando Beltr\u00e1n Rend\u00f3n, presidente de Zanfer Boxing destaca su estilo profesional y lo proyecta como una de las futuras figuras de este deporte.<\/em><\/li>\n\n\n\n<li><em>Anuncia que el ol\u00edmpico duranguense debutar\u00e1 junto a Jaime Mungu\u00eda en abril; luego en su tierra para que la afici\u00f3n lo vea en acci\u00f3n.<\/em><\/li>\n<\/ul>\n\n\n\n<p>Con el apoyo del gobernador Esteban Villegas Villarreal y la promotora Zanfer Boxing, el ol\u00edmpico duranguense Miguel \u00c1ngel \u201cPiol\u00edn\u201d Mart\u00ednez, da un paso decisivo en su carrera, al firmar su primer contrato profesional, logro que no solo marca un momento hist\u00f3rico para el deporte en Durango, sino que tambi\u00e9n consolida al estado como cuna de grandes talentos.<\/p>\n\n\n\n<p>Para ello, Fernando Beltr\u00e1n Rend\u00f3n, presidente de Zanfer Boxing, destac\u00f3 el talento \u00fanico de Mart\u00ednez y asegur\u00f3 que est\u00e1 destinado a triunfar en el boxeo profesional, \u201cpara m\u00ed, \u00e9l es el mejor de los peleadores por estilos; estoy muy orgulloso de haberlo firmado y del apoyo que tenemos del Gobierno del Estado de Durango. Me siento realmente emocionado\u201d, asegur\u00f3 el empresario.<\/p>\n\n\n\n<p>Beltr\u00e1n adelant\u00f3 que \u201cPiol\u00edn\u201d debutar\u00e1 en abril, compartiendo cartelera con Jaime Mungu\u00eda, adem\u00e1s, expres\u00f3 su deseo de llevar al pugilista a pelear en Durango, donde la afici\u00f3n espera ansiosa verlo en acci\u00f3n.<\/p>\n\n\n\n<p>El respaldo del Gobierno Estatal ha sido fundamental para que el duranguense pueda dar este importante paso y con el impulso del gobernador Esteban, se han implementado estrategias enfocadas en potenciar a los deportistas locales, demostrando que el talento local tiene el potencial de alcanzar metas internacionales.<\/p>\n\n\n\n<p>Este joven pugilista no solo aspira a ser un referente en el boxeo mundial, sino tambi\u00e9n un s\u00edmbolo de orgullo y superaci\u00f3n para su estado.<\/p>\n","protected":false},"excerpt":{"rendered":"<p>Con el apoyo del gobernador Esteban Villegas Villarreal y la promotora Zanfer Boxing, el ol\u00edmpico duranguense Miguel \u00c1ngel \u201cPiol\u00edn\u201d Mart\u00ednez, da un paso decisivo en su carrera, al firmar su primer contrato profesional, logro que no solo marca un momento hist\u00f3rico para el deporte en Durango, sino que tambi\u00e9n consolida al estado como cuna de [&hellip;]<\/p>\n","protected":false},"author":1,"featured_media":15552,"comment_status":"open","ping_status":"open","sticky":false,"template":"","format":"standard","meta":{"_monsterinsights_skip_tracking":false,"_monsterinsights_sitenote_active":false,"_monsterinsights_sitenote_note":"","_monsterinsights_sitenote_category":0,"footnotes":""},"categories":[1],"tags":[],"_links":{"self":[{"href":"https:\/\/zonalimitrofe-cbnr.com\/index.php\/wp-json\/wp\/v2\/posts\/15551"}],"collection":[{"href":"https:\/\/zonalimitrofe-cbnr.com\/index.php\/wp-json\/wp\/v2\/posts"}],"about":[{"href":"https:\/\/zonalimitrofe-cbnr.com\/index.php\/wp-json\/wp\/v2\/types\/post"}],"author":[{"embeddable":true,"href":"https:\/\/zonalimitrofe-cbnr.com\/index.php\/wp-json\/wp\/v2\/users\/1"}],"replies":[{"embeddable":true,"href":"https:\/\/zonalimitrofe-cbnr.com\/index.php\/wp-json\/wp\/v2\/comments?post=15551"}],"version-history":[{"count":1,"href":"https:\/\/zonalimitrofe-cbnr.com\/index.php\/wp-json\/wp\/v2\/posts\/15551\/revisions"}],"predecessor-version":[{"id":15553,"href":"https:\/\/zonalimitrofe-cbnr.com\/index.php\/wp-json\/wp\/v2\/posts\/15551\/revisions\/15553"}],"wp:featuredmedia":[{"embeddable":true,"href":"https:\/\/zonalimitrofe-cbnr.com\/index.php\/wp-json\/wp\/v2\/media\/15552"}],"wp:attachment":[{"href":"https:\/\/zonalimitrofe-cbnr.com\/index.php\/wp-json\/wp\/v2\/media?parent=15551"}],"wp:term":[{"taxonomy":"category","embeddable":true,"href":"https:\/\/zonalimitrofe-cbnr.com\/index.php\/wp-json\/wp\/v2\/categories?post=15551"},{"taxonomy":"post_tag","embeddable":true,"href":"https:\/\/zonalimitrofe-cbnr.com\/index.php\/wp-json\/wp\/v2\/tags?post=15551"}],"curies":[{"name":"wp","href":"https:\/\/api.w.org\/{rel}","templated":true}]}}