{"id":15539,"date":"2025-01-30T14:46:20","date_gmt":"2025-01-30T20:46:20","guid":{"rendered":"https:\/\/zonalimitrofe-cbnr.com\/?p=15539"},"modified":"2025-01-30T14:46:20","modified_gmt":"2025-01-30T20:46:20","slug":"lerdo-aranca-programa-vive-elige-estar-bien-en-lerdo","status":"publish","type":"post","link":"https:\/\/zonalimitrofe-cbnr.com\/index.php\/2025\/01\/30\/lerdo-aranca-programa-vive-elige-estar-bien-en-lerdo\/","title":{"rendered":"#Lerdo. ARANCA PROGRAMA \u2018VIVE. ELIGE ESTAR BIEN\u2019 EN LERDO*"},"content":{"rendered":"\n<p>Lerdo, 30 de enero 2024.- Con sede Lerdo, el programa estatal \u201cVIVE \u00a1elige estar bien!\u201d dio arranque en la plaza principal del fraccionamiento San Antonio, con la participaci\u00f3n del secretario t\u00e9cnico del Ayuntamiento, Ram\u00f3n Acosta Barrios, en representaci\u00f3n del Presidente Municipal Homero Mart\u00ednez Cabrera; del Subsecretario de Gobierno Regi\u00f3n Laguna, Ra\u00fal Meraz, quien represent\u00f3 al Gobernador Esteban Villegas Villarreal; y la diputada Susy Torrecillas.<\/p>\n\n\n\n<p>Tambi\u00e9n se cont\u00f3 con la asistencia el Secretario T\u00e9cnico de la Mesa para la Construcci\u00f3n de la Paz y Seguridad, Luis Alfredo Estala Soto; el Magistrado del Tribunal Superior de Justicia, Gerardo Lara P\u00e9rez.<\/p>\n\n\n\n<p>En voz del Alcalde de Lerdo, el secretario t\u00e9cnico Ram\u00f3n Acosta, reconoci\u00f3 el trabajo conjunto entre el Presidente Municipal Homero Mart\u00ednez y el Gobernador Esteban Villegas, con el fin de lograr una notable trasformaci\u00f3n y desarrollo en el municipio de Lerdo, en beneficio de sus habitantes. Y garantizar con este programa. la seguridad y el bienestar de los ni\u00f1os y j\u00f3venes, promoviendo su sano crecimiento, sin adicciones y reforzando el tejido social, uniendo a las familias.<\/p>\n\n\n\n<p>El Subsecretario de Gobierno Regi\u00f3n Laguna, Ra\u00fal Meraz, celebr\u00f3 la sinergia entre el Estado de Durango y el Municipio de Lerdo para acercar los servicios y acciones concretas a la ciudadan\u00eda. Adem\u00e1s destac\u00f3 que gracias al trabajo coordinado con la SEDENA se ha logrado una disminuci\u00f3n de hasta un 80 por ciento en los delitos de alto impacto, erradicando as\u00ed la inseguridad.<\/p>\n\n\n\n<p>Por su parte, la diputada Susy Torrecillas tambi\u00e9n reconoci\u00f3 el fuerte equipo conformado por el Dr. Esteban Villegas y el Dr. Homero Mart\u00ednez, as\u00ed como la direcci\u00f3n del DIF Estatal a cargo de Marisol Rosso, y la Subdirecci\u00f3n Regi\u00f3n Laguna de Ana Cecilia Mon\u00e1rrez, para acercar a las colonias esta estrategia.<\/p>\n\n\n\n<p>\u201cVIVE es un programa en donde vamos a empoderar a las familias, en donde vamos a decirle a los j\u00f3venes todo lo que valen. Tenemos que hacer equipo, participando para fortalecer nuestra salud mental y nuestra autoestima. Cuando hay armon\u00eda y una familia fuerte, est\u00e1 muy bien una sociedad\u201d comparti\u00f3 la diputada.<\/p>\n\n\n\n<p>En el evento se cont\u00f3 con la participaci\u00f3n activa de los departamentos operativos municipales como Protecci\u00f3n Civil, Prevenci\u00f3n Social, Instituto de la Mujer, Instituto de la Juventud, DIF Lerdo, Seguridad P\u00fablica, Tr\u00e1nsito y Vialidad<\/p>\n\n\n\n<p>Adem\u00e1s de la Secretar\u00eda de Educaci\u00f3n, Segunda Visitadur\u00eda de la Comisi\u00f3n Estatal de Derechos Humanos, SEDENA, C4, Jurisdicci\u00f3n Sanitaria No. 2, COESVI, oficial\u00eda de Registro Civil y de Registro P\u00fablico de la Propiedad, Oficina de Turismo Regi\u00f3n Laguna, Secretar\u00eda del Trabajo, la Universidad Tecnol\u00f3gica de La Laguna, la Divisi\u00f3n de Estudios Superiores 18 de Marzo, entre otras estancias y entidades de apoyo social.<\/p>\n","protected":false},"excerpt":{"rendered":"<p>Lerdo, 30 de enero 2024.- Con sede Lerdo, el programa estatal \u201cVIVE \u00a1elige estar bien!\u201d dio arranque en la plaza principal del fraccionamiento San Antonio, con la participaci\u00f3n del secretario t\u00e9cnico del Ayuntamiento, Ram\u00f3n Acosta Barrios, en representaci\u00f3n del Presidente Municipal Homero Mart\u00ednez Cabrera; del Subsecretario de Gobierno Regi\u00f3n Laguna, Ra\u00fal Meraz, quien represent\u00f3 al [&hellip;]<\/p>\n","protected":false},"author":1,"featured_media":15540,"comment_status":"open","ping_status":"open","sticky":false,"template":"","format":"standard","meta":{"_monsterinsights_skip_tracking":false,"_monsterinsights_sitenote_active":false,"_monsterinsights_sitenote_note":"","_monsterinsights_sitenote_category":0,"footnotes":""},"categories":[1],"tags":[],"_links":{"self":[{"href":"https:\/\/zonalimitrofe-cbnr.com\/index.php\/wp-json\/wp\/v2\/posts\/15539"}],"collection":[{"href":"https:\/\/zonalimitrofe-cbnr.com\/index.php\/wp-json\/wp\/v2\/posts"}],"about":[{"href":"https:\/\/zonalimitrofe-cbnr.com\/index.php\/wp-json\/wp\/v2\/types\/post"}],"author":[{"embeddable":true,"href":"https:\/\/zonalimitrofe-cbnr.com\/index.php\/wp-json\/wp\/v2\/users\/1"}],"replies":[{"embeddable":true,"href":"https:\/\/zonalimitrofe-cbnr.com\/index.php\/wp-json\/wp\/v2\/comments?post=15539"}],"version-history":[{"count":1,"href":"https:\/\/zonalimitrofe-cbnr.com\/index.php\/wp-json\/wp\/v2\/posts\/15539\/revisions"}],"predecessor-version":[{"id":15541,"href":"https:\/\/zonalimitrofe-cbnr.com\/index.php\/wp-json\/wp\/v2\/posts\/15539\/revisions\/15541"}],"wp:featuredmedia":[{"embeddable":true,"href":"https:\/\/zonalimitrofe-cbnr.com\/index.php\/wp-json\/wp\/v2\/media\/15540"}],"wp:attachment":[{"href":"https:\/\/zonalimitrofe-cbnr.com\/index.php\/wp-json\/wp\/v2\/media?parent=15539"}],"wp:term":[{"taxonomy":"category","embeddable":true,"href":"https:\/\/zonalimitrofe-cbnr.com\/index.php\/wp-json\/wp\/v2\/categories?post=15539"},{"taxonomy":"post_tag","embeddable":true,"href":"https:\/\/zonalimitrofe-cbnr.com\/index.php\/wp-json\/wp\/v2\/tags?post=15539"}],"curies":[{"name":"wp","href":"https:\/\/api.w.org\/{rel}","templated":true}]}}