{"id":15494,"date":"2025-01-29T15:38:06","date_gmt":"2025-01-29T21:38:06","guid":{"rendered":"https:\/\/zonalimitrofe-cbnr.com\/?p=15494"},"modified":"2025-01-29T15:38:06","modified_gmt":"2025-01-29T21:38:06","slug":"lerdo-imparten-platica-de-cuidados-a-adultos-mayores-en-centro-comunitario-de-lerdo","status":"publish","type":"post","link":"https:\/\/zonalimitrofe-cbnr.com\/index.php\/2025\/01\/29\/lerdo-imparten-platica-de-cuidados-a-adultos-mayores-en-centro-comunitario-de-lerdo\/","title":{"rendered":"#Lerdo. IMPARTEN PL\u00c1TICA DE CUIDADOS A ADULTOS MAYORES EN CENTRO COMUNITARIO DE LERDO*"},"content":{"rendered":"\n<p>Lerdo, 29 de enero 2025.- El Instituto Municipal de la Mujer (IMM) en Lerdo, imparti\u00f3 la pl\u00e1tica denominada \u201cEtapa de oro plenitud\u201d, en el Centro Comunitario de San Isidro, dirigida a las personas de la tercera edad.<\/p>\n\n\n\n<p>La directora del Instituto, Mar\u00eda del Refugio Adame G\u00fcereca, reconoci\u00f3 el trabajo al frente de la administraci\u00f3n del Presidente Municipal Homero Mart\u00ednez Cabrera, quien brinda a los institutos las herramientas necesarias para impulsar el desarrollo y crecimiento de la ciudadan\u00eda, atendiendo en todo momento las necesidades de este sector poblacional (adultos mayores) y de las mujeres.<\/p>\n\n\n\n<p>La Psic\u00f3loga Epifania Mej\u00eda Hern\u00e1ndez particip\u00f3 como ponente durante la charla, en donde se realizaron actividades para la promoci\u00f3n y mejora de la salud mental en adultos mayores.<\/p>\n\n\n\n<p>Adem\u00e1s, de compartir con los asistentes los derechos humanos que les permiten vivir con dignidad, sin violencia y libres de discriminaci\u00f3n; como el derecho a la salud, alimentaci\u00f3n y vivienda, a la asistencia social, protecci\u00f3n jur\u00eddica y psicosocial, a la independencia y autonom\u00eda, a la seguridad y la propiedad, un trato digno y respetuoso, derecho a la atenci\u00f3n preferente en establecimientos p\u00fablicos y privados, entre otros.<\/p>\n","protected":false},"excerpt":{"rendered":"<p>Lerdo, 29 de enero 2025.- El Instituto Municipal de la Mujer (IMM) en Lerdo, imparti\u00f3 la pl\u00e1tica denominada \u201cEtapa de oro plenitud\u201d, en el Centro Comunitario de San Isidro, dirigida a las personas de la tercera edad. La directora del Instituto, Mar\u00eda del Refugio Adame G\u00fcereca, reconoci\u00f3 el trabajo al frente de la administraci\u00f3n del [&hellip;]<\/p>\n","protected":false},"author":1,"featured_media":15495,"comment_status":"open","ping_status":"open","sticky":false,"template":"","format":"standard","meta":{"_monsterinsights_skip_tracking":false,"_monsterinsights_sitenote_active":false,"_monsterinsights_sitenote_note":"","_monsterinsights_sitenote_category":0,"footnotes":""},"categories":[1],"tags":[],"_links":{"self":[{"href":"https:\/\/zonalimitrofe-cbnr.com\/index.php\/wp-json\/wp\/v2\/posts\/15494"}],"collection":[{"href":"https:\/\/zonalimitrofe-cbnr.com\/index.php\/wp-json\/wp\/v2\/posts"}],"about":[{"href":"https:\/\/zonalimitrofe-cbnr.com\/index.php\/wp-json\/wp\/v2\/types\/post"}],"author":[{"embeddable":true,"href":"https:\/\/zonalimitrofe-cbnr.com\/index.php\/wp-json\/wp\/v2\/users\/1"}],"replies":[{"embeddable":true,"href":"https:\/\/zonalimitrofe-cbnr.com\/index.php\/wp-json\/wp\/v2\/comments?post=15494"}],"version-history":[{"count":1,"href":"https:\/\/zonalimitrofe-cbnr.com\/index.php\/wp-json\/wp\/v2\/posts\/15494\/revisions"}],"predecessor-version":[{"id":15496,"href":"https:\/\/zonalimitrofe-cbnr.com\/index.php\/wp-json\/wp\/v2\/posts\/15494\/revisions\/15496"}],"wp:featuredmedia":[{"embeddable":true,"href":"https:\/\/zonalimitrofe-cbnr.com\/index.php\/wp-json\/wp\/v2\/media\/15495"}],"wp:attachment":[{"href":"https:\/\/zonalimitrofe-cbnr.com\/index.php\/wp-json\/wp\/v2\/media?parent=15494"}],"wp:term":[{"taxonomy":"category","embeddable":true,"href":"https:\/\/zonalimitrofe-cbnr.com\/index.php\/wp-json\/wp\/v2\/categories?post=15494"},{"taxonomy":"post_tag","embeddable":true,"href":"https:\/\/zonalimitrofe-cbnr.com\/index.php\/wp-json\/wp\/v2\/tags?post=15494"}],"curies":[{"name":"wp","href":"https:\/\/api.w.org\/{rel}","templated":true}]}}