{"id":15482,"date":"2025-01-29T15:18:03","date_gmt":"2025-01-29T21:18:03","guid":{"rendered":"https:\/\/zonalimitrofe-cbnr.com\/?p=15482"},"modified":"2025-01-29T15:18:03","modified_gmt":"2025-01-29T21:18:03","slug":"lerdo-atienden-alumbrado-publico-en-boulevard-miguel-aleman","status":"publish","type":"post","link":"https:\/\/zonalimitrofe-cbnr.com\/index.php\/2025\/01\/29\/lerdo-atienden-alumbrado-publico-en-boulevard-miguel-aleman\/","title":{"rendered":"#Lerdo. ATIENDEN ALUMBRADO P\u00daBLICO EN BOULEVARD MIGUEL ALEM\u00c1N*"},"content":{"rendered":"\n<p>Lerdo, 29 de enero 2025.- Por instrucciones del Alcalde Homero Mart\u00ednez Cabrera, la Direcci\u00f3n de Servicios P\u00fablicos, a trav\u00e9s del personal de Alumbrado P\u00fablico, inici\u00f3 esta semana una jornada de mantenimiento en las principales v\u00edas de movilidad de la ciudad.<\/p>\n\n\n\n<p>Erick Raymundo Rodr\u00edguez, titular del departamento, inform\u00f3 que mediante esta campa\u00f1a se rehabilitar\u00e1n todos los bulevares y v\u00edas de acceso de Lerdo. Como primera acci\u00f3n, se trabaja en el boulevard Miguel Alem\u00e1n con la sustituci\u00f3n de luminarias LED, con el objetivo de mejorar la eficiencia del alumbrado y reducir el consumo el\u00e9ctrico.<\/p>\n\n\n\n<p>Los trabajos en esta v\u00eda est\u00e1n programados para concluir esta semana, y posteriormente se continuar\u00e1 en el bulevar Guadalupe Victoria y el perif\u00e9rico. Se hace un llamado a la ciudadan\u00eda a conducir con responsabilidad y precauci\u00f3n ante la presencia del personal y la gr\u00faa del equipo de alumbrado p\u00fablico.<\/p>\n\n\n\n<p>Estas acciones buscan garantizar la seguridad vial de los miles de ciudadanos que diariamente transitan por estas importantes arterias de la ciudad.<\/p>\n","protected":false},"excerpt":{"rendered":"<p>Lerdo, 29 de enero 2025.- Por instrucciones del Alcalde Homero Mart\u00ednez Cabrera, la Direcci\u00f3n de Servicios P\u00fablicos, a trav\u00e9s del personal de Alumbrado P\u00fablico, inici\u00f3 esta semana una jornada de mantenimiento en las principales v\u00edas de movilidad de la ciudad. Erick Raymundo Rodr\u00edguez, titular del departamento, inform\u00f3 que mediante esta campa\u00f1a se rehabilitar\u00e1n todos los [&hellip;]<\/p>\n","protected":false},"author":1,"featured_media":15483,"comment_status":"open","ping_status":"open","sticky":false,"template":"","format":"standard","meta":{"_monsterinsights_skip_tracking":false,"_monsterinsights_sitenote_active":false,"_monsterinsights_sitenote_note":"","_monsterinsights_sitenote_category":0,"footnotes":""},"categories":[1],"tags":[],"_links":{"self":[{"href":"https:\/\/zonalimitrofe-cbnr.com\/index.php\/wp-json\/wp\/v2\/posts\/15482"}],"collection":[{"href":"https:\/\/zonalimitrofe-cbnr.com\/index.php\/wp-json\/wp\/v2\/posts"}],"about":[{"href":"https:\/\/zonalimitrofe-cbnr.com\/index.php\/wp-json\/wp\/v2\/types\/post"}],"author":[{"embeddable":true,"href":"https:\/\/zonalimitrofe-cbnr.com\/index.php\/wp-json\/wp\/v2\/users\/1"}],"replies":[{"embeddable":true,"href":"https:\/\/zonalimitrofe-cbnr.com\/index.php\/wp-json\/wp\/v2\/comments?post=15482"}],"version-history":[{"count":1,"href":"https:\/\/zonalimitrofe-cbnr.com\/index.php\/wp-json\/wp\/v2\/posts\/15482\/revisions"}],"predecessor-version":[{"id":15484,"href":"https:\/\/zonalimitrofe-cbnr.com\/index.php\/wp-json\/wp\/v2\/posts\/15482\/revisions\/15484"}],"wp:featuredmedia":[{"embeddable":true,"href":"https:\/\/zonalimitrofe-cbnr.com\/index.php\/wp-json\/wp\/v2\/media\/15483"}],"wp:attachment":[{"href":"https:\/\/zonalimitrofe-cbnr.com\/index.php\/wp-json\/wp\/v2\/media?parent=15482"}],"wp:term":[{"taxonomy":"category","embeddable":true,"href":"https:\/\/zonalimitrofe-cbnr.com\/index.php\/wp-json\/wp\/v2\/categories?post=15482"},{"taxonomy":"post_tag","embeddable":true,"href":"https:\/\/zonalimitrofe-cbnr.com\/index.php\/wp-json\/wp\/v2\/tags?post=15482"}],"curies":[{"name":"wp","href":"https:\/\/api.w.org\/{rel}","templated":true}]}}