{"id":15476,"date":"2025-01-29T15:13:26","date_gmt":"2025-01-29T21:13:26","guid":{"rendered":"https:\/\/zonalimitrofe-cbnr.com\/?p=15476"},"modified":"2025-01-29T15:13:27","modified_gmt":"2025-01-29T21:13:27","slug":"durango-antes-era-un-lote-baldio-hoy-alumnos-estrenan-escuelas-en-ese-lugar-gracias-a-esteban-y-tono","status":"publish","type":"post","link":"https:\/\/zonalimitrofe-cbnr.com\/index.php\/2025\/01\/29\/durango-antes-era-un-lote-baldio-hoy-alumnos-estrenan-escuelas-en-ese-lugar-gracias-a-esteban-y-tono\/","title":{"rendered":"#Durango. Antes era un lote bald\u00edo, hoy alumnos estrenan escuelas en ese lugar gracias a Esteban y To\u00f1o*"},"content":{"rendered":"\n<ul>\n<li><em>Ni\u00f1os de preescolar y primaria del fraccionamiento San Isidro recibieron hasta uniformes nuevos de manos del Gobernador, del alcalde y de la presidenta del DIF, Marisol Rosso.<\/em><\/li>\n\n\n\n<li><em>En esta infraestructura educativa se invirtieron 10.7 mdp en beneficio de los menores de edad de la zona norte.<\/em><\/li>\n\n\n\n<li><em>Para nuestros hijos representa esperanza y oportunidades gracias al liderazgo del Mandatario y su visi\u00f3n a favor de la educaci\u00f3n de calidad: padres de familia.<\/em><\/li>\n<\/ul>\n\n\n\n<p>Con las nuevas escuelas en lugares cerca de los hogares, adem\u00e1s de elevar el nivel de aprendizaje, en Durango renace la educaci\u00f3n, manifest\u00f3 el gobernador Esteban Villegas al entregar, junto al presidente municipal To\u00f1o Ochoa, las instalaciones del jard\u00edn de ni\u00f1os \u201cIndependencia\u201d y la escuela primaria \u201cJuana Bel\u00e9n Guti\u00e9rrez de Mendoza\u201d en el fraccionamiento San Isidro.<\/p>\n\n\n\n<p>Esta infraestructura escolar representa una inversi\u00f3n de 10.7 millones de pesos y el inicio para cumplir los sue\u00f1os de los futuros profesionistas, que, aunado a la llegada de empresas que le apostaron a Durango, ya est\u00e1n construyendo sus instalaciones y representan empleos bien pagados para los duranguenses, afirm\u00f3 el Ejecutivo Estatal.<\/p>\n\n\n\n<p>Por su parte, la presidenta del DIF Estatal, Marisol Rosso, felicit\u00f3 a las maestras y maestros, que, pese a todas las circunstancias, siempre est\u00e1n al servicio de los ni\u00f1os, y pidi\u00f3 a padres de familia se organicen para poder instalar un desayunador escolar, completamente gratuito por parte del Gobierno del Estado.<\/p>\n\n\n\n<p>El presidente municipal To\u00f1o Ochoa Rodr\u00edguez, expuso que estas instalaciones son para lo m\u00e1s importante, que son los peque\u00f1os, por ello, el Gobernador y su esposa Marisol Rosso, refrendan su compromiso con la educaci\u00f3n y para que la ni\u00f1ez avance con determinaci\u00f3n para alcanzar sus metas, &#8220;sigamos en equipo, llevando a Durango m\u00e1s lejos&#8221;.<\/p>\n\n\n\n<p>El director de la escuela primaria \u201cJuana Bel\u00e9n Guti\u00e9rrez de Mendoza\u201d, Gregorio Viera Escobedo, se\u00f1al\u00f3 que esto es un s\u00edmbolo del compromiso con la educaci\u00f3n de calidad, que marca la formaci\u00f3n de futuros ciudadanos en espacios inclusivos, &#8220;mi reconocimiento al Gobernador, por construir estas aulas y cerco perimetral, esto no hubiera sido posible sin su apoyo, igualmente a los docentes, que con el fin de atender a nuestros ni\u00f1os, trabajaron en equipo&#8221;.<\/p>\n\n\n\n<p>Sarah\u00ed Gonz\u00e1lez \u00c1lvarez, presidenta de la Sociedad de Padres de Familia, se\u00f1al\u00f3 que el proyecto representa la esperanza y oportunidades para sus hijos gracias al liderazgo del Mandatario Estatal y su visi\u00f3n, a favor de la educaci\u00f3n de calidad.<\/p>\n\n\n\n<p>&#8220;Lo que hacen por Durango, lo hacen con mucho coraz\u00f3n y mucha pasi\u00f3n&#8221;, asinti\u00f3 Gaby V\u00e1zquez Chac\u00f3n, diputada local, al referirse a la labor de Esteban y Marisol y que junto con el alcalde To\u00f1o, hacen posible la construcci\u00f3n de m\u00e1s escuelas.<\/p>\n\n\n\n<p>En este evento, donde tambi\u00e9n estuvo presente el director del Instituto para la Infraestructura F\u00edsica Educativa del Estado (INIFEED), Emmanuel del Palacio Sicsik, docentes, padres de familia y alumnado, se present\u00f3 un breve video sobre la construcci\u00f3n de las escuelas, donde se reflej\u00f3 el gran cambio en esta zona, ya que era un terreno bald\u00edo y ahora podr\u00e1n contar con instalaciones dignas, gracias al compromiso del Gobierno del Estado con los duranguenses.<\/p>\n","protected":false},"excerpt":{"rendered":"<p>Con las nuevas escuelas en lugares cerca de los hogares, adem\u00e1s de elevar el nivel de aprendizaje, en Durango renace la educaci\u00f3n, manifest\u00f3 el gobernador Esteban Villegas al entregar, junto al presidente municipal To\u00f1o Ochoa, las instalaciones del jard\u00edn de ni\u00f1os \u201cIndependencia\u201d y la escuela primaria \u201cJuana Bel\u00e9n Guti\u00e9rrez de Mendoza\u201d en el fraccionamiento San [&hellip;]<\/p>\n","protected":false},"author":1,"featured_media":15477,"comment_status":"open","ping_status":"open","sticky":false,"template":"","format":"standard","meta":{"_monsterinsights_skip_tracking":false,"_monsterinsights_sitenote_active":false,"_monsterinsights_sitenote_note":"","_monsterinsights_sitenote_category":0,"footnotes":""},"categories":[1],"tags":[],"_links":{"self":[{"href":"https:\/\/zonalimitrofe-cbnr.com\/index.php\/wp-json\/wp\/v2\/posts\/15476"}],"collection":[{"href":"https:\/\/zonalimitrofe-cbnr.com\/index.php\/wp-json\/wp\/v2\/posts"}],"about":[{"href":"https:\/\/zonalimitrofe-cbnr.com\/index.php\/wp-json\/wp\/v2\/types\/post"}],"author":[{"embeddable":true,"href":"https:\/\/zonalimitrofe-cbnr.com\/index.php\/wp-json\/wp\/v2\/users\/1"}],"replies":[{"embeddable":true,"href":"https:\/\/zonalimitrofe-cbnr.com\/index.php\/wp-json\/wp\/v2\/comments?post=15476"}],"version-history":[{"count":1,"href":"https:\/\/zonalimitrofe-cbnr.com\/index.php\/wp-json\/wp\/v2\/posts\/15476\/revisions"}],"predecessor-version":[{"id":15478,"href":"https:\/\/zonalimitrofe-cbnr.com\/index.php\/wp-json\/wp\/v2\/posts\/15476\/revisions\/15478"}],"wp:featuredmedia":[{"embeddable":true,"href":"https:\/\/zonalimitrofe-cbnr.com\/index.php\/wp-json\/wp\/v2\/media\/15477"}],"wp:attachment":[{"href":"https:\/\/zonalimitrofe-cbnr.com\/index.php\/wp-json\/wp\/v2\/media?parent=15476"}],"wp:term":[{"taxonomy":"category","embeddable":true,"href":"https:\/\/zonalimitrofe-cbnr.com\/index.php\/wp-json\/wp\/v2\/categories?post=15476"},{"taxonomy":"post_tag","embeddable":true,"href":"https:\/\/zonalimitrofe-cbnr.com\/index.php\/wp-json\/wp\/v2\/tags?post=15476"}],"curies":[{"name":"wp","href":"https:\/\/api.w.org\/{rel}","templated":true}]}}