{"id":15449,"date":"2025-01-28T15:34:21","date_gmt":"2025-01-28T21:34:21","guid":{"rendered":"https:\/\/zonalimitrofe-cbnr.com\/?p=15449"},"modified":"2025-01-28T15:34:21","modified_gmt":"2025-01-28T21:34:21","slug":"lerdo-instituto-de-discapacidad-promueve-buena-nutricion-en-ninos-con-tea-y-tdah","status":"publish","type":"post","link":"https:\/\/zonalimitrofe-cbnr.com\/index.php\/2025\/01\/28\/lerdo-instituto-de-discapacidad-promueve-buena-nutricion-en-ninos-con-tea-y-tdah\/","title":{"rendered":"#Lerdo. INSTITUTO DE DISCAPACIDAD PROMUEVE BUENA NUTRICI\u00d3N EN NI\u00d1OS CON TEA Y TDAH*"},"content":{"rendered":"\n<p>Lerdo, 28 de enero 2025.- La directora del Instituto Municipal para el Desarrollo y la Inclusi\u00f3n de Personas con Discapacidad, Karimme Caldera Cer\u00f3n, firm\u00f3 un convenio de colaboraci\u00f3n con la reconocida nutri\u00f3loga Yoahna Gil, para canalizar a los ni\u00f1os y j\u00f3venes con posible Trastorno de D\u00e9ficit de Atenci\u00f3n e Hiperactividad (TDAH) y Trastorno del Espectro Autista (TEA) al consultorio.<\/p>\n\n\n\n<p>Este acuerdo consiste en brindar una atenci\u00f3n personalizada al paciente con TEA o TDAH para balancear su alimentaci\u00f3n, con el objetivo de mejorar su desarrollo, as\u00ed como disminuir los niveles de impulsividad y agresividad, as\u00ed lo dio a conocer la directora del Instituto para Personas con Discapacidad.<\/p>\n\n\n\n<p>\u201cEl Presidente Municipal Homero Mart\u00ednez Cabrera ha sido claro en dar atenci\u00f3n prioritaria a este tipo de temas para promover la salud y mejorar las condiciones de vida de las familias lerdenses\u201d dijo la funcionaria.<\/p>\n\n\n\n<p>Por ello, esto se considera como una segunda etapa de atenci\u00f3n, luego de impartir pl\u00e1ticas en escuelas y comunidades para educar a los infantes, as\u00ed como madres y padres de familia, sobre una alimentaci\u00f3n correcta y saludable que contribuya a la mejora en la sintomatolog\u00eda de los ni\u00f1os con TEA: en su desarrollo neuroconductual, y por ende, en su comportamiento y lenguaje.<\/p>\n\n\n\n<p>Por su parte, la nutri\u00f3loga se\u00f1al\u00f3 que, de acuerdo a las necesidades de cada persona, se brinda una dieta especial, haciendo hincapi\u00e9 en la importancia de considerar las dificultades sensoriales del ni\u00f1o con trastorno autista, como la hipersensibilidad o hiposensibilidad gustativa y t\u00e1ctil, entre otros factores.<\/p>\n\n\n\n<p>Algunas investigaciones muestran que los ni\u00f1os con autismo tienden a tener huesos m\u00e1s finos, y problemas digestivos, por lo que es el necesario el consumo de alimentos y nutrientes adecuados, que fortalezcan sus huesos y optimicen sus mecanismos metab\u00f3licos.<\/p>\n\n\n\n<p>Para mayor informaci\u00f3n, los interesados pueden acudir de lunes a viernes (de 8 a 16 horas) a la Unidad Administrativa de San Isidro, en la calle Ram\u00f3n Leyva, entre L\u00f3pez Ray\u00f3n y Galeana (colonia San Isidro), a un costado del Skate Park, o comunicarse al tel\u00e9fono 87 11 59 30 92. \u200e<\/p>\n","protected":false},"excerpt":{"rendered":"<p>Lerdo, 28 de enero 2025.- La directora del Instituto Municipal para el Desarrollo y la Inclusi\u00f3n de Personas con Discapacidad, Karimme Caldera Cer\u00f3n, firm\u00f3 un convenio de colaboraci\u00f3n con la reconocida nutri\u00f3loga Yoahna Gil, para canalizar a los ni\u00f1os y j\u00f3venes con posible Trastorno de D\u00e9ficit de Atenci\u00f3n e Hiperactividad (TDAH) y Trastorno del Espectro [&hellip;]<\/p>\n","protected":false},"author":1,"featured_media":15450,"comment_status":"open","ping_status":"open","sticky":false,"template":"","format":"standard","meta":{"_monsterinsights_skip_tracking":false,"_monsterinsights_sitenote_active":false,"_monsterinsights_sitenote_note":"","_monsterinsights_sitenote_category":0,"footnotes":""},"categories":[1],"tags":[],"_links":{"self":[{"href":"https:\/\/zonalimitrofe-cbnr.com\/index.php\/wp-json\/wp\/v2\/posts\/15449"}],"collection":[{"href":"https:\/\/zonalimitrofe-cbnr.com\/index.php\/wp-json\/wp\/v2\/posts"}],"about":[{"href":"https:\/\/zonalimitrofe-cbnr.com\/index.php\/wp-json\/wp\/v2\/types\/post"}],"author":[{"embeddable":true,"href":"https:\/\/zonalimitrofe-cbnr.com\/index.php\/wp-json\/wp\/v2\/users\/1"}],"replies":[{"embeddable":true,"href":"https:\/\/zonalimitrofe-cbnr.com\/index.php\/wp-json\/wp\/v2\/comments?post=15449"}],"version-history":[{"count":1,"href":"https:\/\/zonalimitrofe-cbnr.com\/index.php\/wp-json\/wp\/v2\/posts\/15449\/revisions"}],"predecessor-version":[{"id":15451,"href":"https:\/\/zonalimitrofe-cbnr.com\/index.php\/wp-json\/wp\/v2\/posts\/15449\/revisions\/15451"}],"wp:featuredmedia":[{"embeddable":true,"href":"https:\/\/zonalimitrofe-cbnr.com\/index.php\/wp-json\/wp\/v2\/media\/15450"}],"wp:attachment":[{"href":"https:\/\/zonalimitrofe-cbnr.com\/index.php\/wp-json\/wp\/v2\/media?parent=15449"}],"wp:term":[{"taxonomy":"category","embeddable":true,"href":"https:\/\/zonalimitrofe-cbnr.com\/index.php\/wp-json\/wp\/v2\/categories?post=15449"},{"taxonomy":"post_tag","embeddable":true,"href":"https:\/\/zonalimitrofe-cbnr.com\/index.php\/wp-json\/wp\/v2\/tags?post=15449"}],"curies":[{"name":"wp","href":"https:\/\/api.w.org\/{rel}","templated":true}]}}