{"id":15443,"date":"2025-01-28T15:30:29","date_gmt":"2025-01-28T21:30:29","guid":{"rendered":"https:\/\/zonalimitrofe-cbnr.com\/?p=15443"},"modified":"2025-01-28T15:30:30","modified_gmt":"2025-01-28T21:30:30","slug":"uadec-abre-uadec-convocatoria-para-participar-en-el-tercer-congreso-de-educacion-ambiental","status":"publish","type":"post","link":"https:\/\/zonalimitrofe-cbnr.com\/index.php\/2025\/01\/28\/uadec-abre-uadec-convocatoria-para-participar-en-el-tercer-congreso-de-educacion-ambiental\/","title":{"rendered":"#UAdeC. Abre UAdeC Convocatoria para Participar en el Tercer Congreso de Educaci\u00f3n Ambiental"},"content":{"rendered":"\n<p>SALTILLO, Coahuila. 28 de enero de 2025. La Universidad Aut\u00f3noma de Coahuila, a trav\u00e9s de la Coordinaci\u00f3n de Agenda Ambiental Universitaria y el Centro de Educaci\u00f3n Ambiental y Vigilancia Clim\u00e1tica, invita a docentes, investigadores, estudiantes y promotores ambientales a participar en el Tercer Congreso de Educaci\u00f3n Ambiental \u201cNuestras tierras, nuestro futuro\u201d, espacio dise\u00f1ado para fomentar el intercambio de conocimientos, investigaciones y experiencias en Educaci\u00f3n Ambiental.<\/p>\n\n\n\n<p>El evento se realizar\u00e1 el 1 y 2 de abril de 2025, tiene como prop\u00f3sito desarrollar el sentido de responsabilidad y solidaridad para promover pr\u00e1cticas sustentables que garanticen la conservaci\u00f3n y mejora del medio ambiente, por lo que se busca generar estrategias que fomenten la comprensi\u00f3n de la complejidad ambiental y la adquisici\u00f3n de conocimientos, valores y habilidades que permitan una participaci\u00f3n responsable y efectiva.<\/p>\n\n\n\n<p>En esta edici\u00f3n, el Congreso pretende reunir a aquellos universitarios que est\u00e9n generando conocimiento relacionado con la Educaci\u00f3n Ambiental, destacando logros y experiencias que accedan a avanzar en el cumplimiento de los Objetivos de Desarrollo Sostenible (ODS); por lo que se han organizado cuatro Mesas de trabajo orientadas a temas clave como: Mesa 1 \u201cEducaci\u00f3n Ambiental: estrategias did\u00e1ctica\u201d, la cual se centrar\u00e1 en estrategias para el manejo de grupos, objetivos y t\u00e9cnicas de ense\u00f1anza-aprendizaje en educaci\u00f3n ambiental.<\/p>\n\n\n\n<p>Adem\u00e1s, la Mesa 2 \u201cResponsabilidad Social e Institucional\u201d, espacio para mostrar principios, valores universitarios y acciones que forman parte del compromiso solidario hacia una sociedad sostenible; Mesa 3 \u201cDimensi\u00f3n Ambiental\u201d donde se presentar\u00e1n trabajos de investigaci\u00f3n enfocados en la generaci\u00f3n de conocimiento en el \u00e1rea de educaci\u00f3n ambiental y desarrollo sostenible y Mesa 4 \u201cInvestigaci\u00f3n Aplicada\u201d abordar\u00e1 proyectos que contribuyan a la soluci\u00f3n de problem\u00e1ticas relacionadas con el desarrollo sostenible.<\/p>\n\n\n\n<p>Las fechas clave para participar incluyen la recepci\u00f3n de res\u00famenes hasta el 14 de marzo de 2025, la entrega de resultados del dictamen ser\u00e1n el 19 de marzo y la publicaci\u00f3n del cronograma de actividades el 20 de marzo; las presentaciones deber\u00e1n enviarse a m\u00e1s tardar el 25 de marzo; los interesados deber\u00e1n enviar sus res\u00famenes al correo centroambiental@uadec.edu.mx.<\/p>\n\n\n\n<p>Para m\u00e1s informaci\u00f3n contactarse a trav\u00e9s de los tel\u00e9fonos (844) 438 15 43 y (844) 689 10 90 o en las p\u00e1ginas de Facebook \u201cAgenda Ambiental Universitaria\u201d https:\/\/www.facebook.com\/AgendaAmbientalUniversitaria y \u201cCentro de Educaci\u00f3n Ambiental y Vigilancia Clim\u00e1tica de la UAdeC\u201d https:\/\/www.facebook.com\/profile.php?id=100083361788221.<\/p>\n","protected":false},"excerpt":{"rendered":"<p>SALTILLO, Coahuila. 28 de enero de 2025. La Universidad Aut\u00f3noma de Coahuila, a trav\u00e9s de la Coordinaci\u00f3n de Agenda Ambiental Universitaria y el Centro de Educaci\u00f3n Ambiental y Vigilancia Clim\u00e1tica, invita a docentes, investigadores, estudiantes y promotores ambientales a participar en el Tercer Congreso de Educaci\u00f3n Ambiental \u201cNuestras tierras, nuestro futuro\u201d, espacio dise\u00f1ado para fomentar [&hellip;]<\/p>\n","protected":false},"author":1,"featured_media":15444,"comment_status":"open","ping_status":"open","sticky":false,"template":"","format":"standard","meta":{"_monsterinsights_skip_tracking":false,"_monsterinsights_sitenote_active":false,"_monsterinsights_sitenote_note":"","_monsterinsights_sitenote_category":0,"footnotes":""},"categories":[1],"tags":[],"_links":{"self":[{"href":"https:\/\/zonalimitrofe-cbnr.com\/index.php\/wp-json\/wp\/v2\/posts\/15443"}],"collection":[{"href":"https:\/\/zonalimitrofe-cbnr.com\/index.php\/wp-json\/wp\/v2\/posts"}],"about":[{"href":"https:\/\/zonalimitrofe-cbnr.com\/index.php\/wp-json\/wp\/v2\/types\/post"}],"author":[{"embeddable":true,"href":"https:\/\/zonalimitrofe-cbnr.com\/index.php\/wp-json\/wp\/v2\/users\/1"}],"replies":[{"embeddable":true,"href":"https:\/\/zonalimitrofe-cbnr.com\/index.php\/wp-json\/wp\/v2\/comments?post=15443"}],"version-history":[{"count":1,"href":"https:\/\/zonalimitrofe-cbnr.com\/index.php\/wp-json\/wp\/v2\/posts\/15443\/revisions"}],"predecessor-version":[{"id":15445,"href":"https:\/\/zonalimitrofe-cbnr.com\/index.php\/wp-json\/wp\/v2\/posts\/15443\/revisions\/15445"}],"wp:featuredmedia":[{"embeddable":true,"href":"https:\/\/zonalimitrofe-cbnr.com\/index.php\/wp-json\/wp\/v2\/media\/15444"}],"wp:attachment":[{"href":"https:\/\/zonalimitrofe-cbnr.com\/index.php\/wp-json\/wp\/v2\/media?parent=15443"}],"wp:term":[{"taxonomy":"category","embeddable":true,"href":"https:\/\/zonalimitrofe-cbnr.com\/index.php\/wp-json\/wp\/v2\/categories?post=15443"},{"taxonomy":"post_tag","embeddable":true,"href":"https:\/\/zonalimitrofe-cbnr.com\/index.php\/wp-json\/wp\/v2\/tags?post=15443"}],"curies":[{"name":"wp","href":"https:\/\/api.w.org\/{rel}","templated":true}]}}