{"id":15428,"date":"2025-01-28T14:16:46","date_gmt":"2025-01-28T20:16:46","guid":{"rendered":"https:\/\/zonalimitrofe-cbnr.com\/?p=15428"},"modified":"2025-01-28T14:16:46","modified_gmt":"2025-01-28T20:16:46","slug":"coahuila-trabajando-coordinados-los-tres-poderes-del-estado-fortalecemos-a-coahuila-manolo","status":"publish","type":"post","link":"https:\/\/zonalimitrofe-cbnr.com\/index.php\/2025\/01\/28\/coahuila-trabajando-coordinados-los-tres-poderes-del-estado-fortalecemos-a-coahuila-manolo\/","title":{"rendered":"#Coahuila. TRABAJANDO COORDINADOS LOS TRES PODERES DEL ESTADO FORTALECEMOS A COAHUILA: MANOLO"},"content":{"rendered":"\n<p>\u00b7 Asiste el gobernador Manolo Jim\u00e9nez al informe del Magistrado Presidente del Tribunal Superior de Justicia del Estado, Miguel Mery.<\/p>\n\n\n\n<p>Torre\u00f3n, Coahuila de Zaragoza; a 27 de enero de 2025.- El gobernador Manolo Jim\u00e9nez Salinas estuvo presente en el informe del Magistrado Miguel Felipe Mery Ayup, magistrado presidente del Tribunal Superior de Justicia del Estado, del Poder Judicial correspondiente al a\u00f1o 2024, ceremonia que se llev\u00f3 a cabo en el Centro de Convenciones de Torre\u00f3n, y en la que el Mandatario estatal destac\u00f3 que el que en Coahuila tengamos un Poder Judicial fuerte abona a la estabilidad, a la gobernabilidad y al estado de derecho.<\/p>\n\n\n\n<p>&#8220;Acompa\u00f1amos a nuestro amigo el Magistrado Presidente Miguel Mery Ayup en el Informe Anual de Actividades del Poder Judicial del Estado de Coahuila, donde se presentaron los avances en la impartici\u00f3n de justicia. Felicidades por los resultados. Vamos a seguir trabajado coordinados para fortalecer la gobernabilidad, el estado de derecho y la seguridad de nuestro Estado&#8221;, se\u00f1al\u00f3 el gobernador.<\/p>\n\n\n\n<p>Con la presencia de Rafael Guerra \u00c1lvarez, magistrado presidente del Poder Judicial de la Ciudad de M\u00e9xico y de la Comisi\u00f3n Nacional de Tribunales Superiores de Justicia de los Estados Unidos Mexicanos; as\u00ed como de Luz Elena Morales N\u00fa\u00f1ez, diputada presidenta de la Junta de Gobierno del Congreso local; y el alcalde Rom\u00e1n Alberto Cepeda Gonz\u00e1lez, Manolo Jim\u00e9nez felicit\u00f3 a todos quienes integran el Poder Judicial en Coahuila por el gran trabajo que han venido realizando en beneficio de las y los coahuilenses.<\/p>\n\n\n\n<p>Se\u00f1al\u00f3 que los buenos indicadores y resultados que ostenta el Poder Judicial en Coahuila impactan positivamente en otros temas importantes para las y los coahuilenses como lo es el desarrollo econ\u00f3mico y la seguridad.<\/p>\n\n\n\n<p>Mencion\u00f3 que uno de los factores principales por los que las empresas deciden invertir, es la certeza jur\u00eddica, y destac\u00f3 que en Coahuila, en 2024 se invirtieron 95 mil millones de pesos y se generaron 30 mil empleos.<\/p>\n\n\n\n<p>Manolo Jim\u00e9nez expres\u00f3 que en el tema de seguridad, existe una gran coordinaci\u00f3n con el Poder Judicial y con todas las instituciones de seguridad en nuestro estado.<\/p>\n\n\n\n<p>Destac\u00f3 que 2024 fue el a\u00f1o con menos delitos de alto impacto en Coahuila desde que se hace la medici\u00f3n, y que de esos delitos del a\u00f1o pasado, el 85 por ciento est\u00e1n pr\u00e1cticamente resueltos, cuando la media nacional es abajo del 50 por ciento, \u201cas\u00ed que muchas gracias por ese apoyo para poder mantener a Coahuila seguro y en orden\u201d.<\/p>\n\n\n\n<p>Agreg\u00f3 que de la mano del Poder Judicial, se han llevado a cabo programas sociales con el DIF Coahuila, con Inspira, con Mejora Coahuila, para acercar un poco m\u00e1s la justicia a las colonias, barrios y a los ejidos de Coahuila.<\/p>\n\n\n\n<p>Jim\u00e9nez Salinas se\u00f1al\u00f3 que, en el tema de la reforma constitucional en materia del Poder Judicial, en Coahuila se ha tomado con institucionalidad, y que lo que se decidi\u00f3 aqu\u00ed fue una homologaci\u00f3n de manera responsable, coordin\u00e1ndose el Poder Judicial, el Poder Legislativo y el Poder Ejecutivo para hacer una ruta que garantizara que el Poder Judicial de Coahuila se fortaleciera y se profesionalizara.<\/p>\n\n\n\n<p>\u201cQueremos reiterar nuestro compromiso hacia todo Coahuila, de trabajar con responsabilidad, de avanzar haciendo las cosas bien. Que todo lo que hagamos el Poder Ejecutivo, el Poder Judicial y el Poder Legislativo sea para bien de Coahuila\u201d, expres\u00f3.<\/p>\n\n\n\n<p>El Gobernador del Estado destac\u00f3 que en nuestra entidad hay un punto de encuentro entre todas y todos, y que ese punto de encuentro se llama Coahuila, \u201cy estoy seguro que todas y todos los que est\u00e1n aqu\u00ed, m\u00e1s millones de coahuilenses, queremos que le vaya bien a nuestro estado; porque si le va bien a nuestro estado, le va bien a nuestras familias\u201d, puntualiz\u00f3.<\/p>\n\n\n\n<p>En su informe, Miguel Mery Ayup mencion\u00f3 que la reforma judicial es una realidad que Coahuila ha asumido con toda responsabilidad. Agreg\u00f3 que el gobernador Manolo Jim\u00e9nez busc\u00f3 la forma en la que sea una oportunidad para fortalecer a nuestro estado, y que, bajo su liderazgo, ha convocado a los poderes a estudiar y definir el mejor modelo de homologaci\u00f3n de nuestro sistema judicial a este nuevo mandato constitucional.<\/p>\n\n\n\n<p>Agreg\u00f3 que el trabajo del Poder Judicial cierra la pinza de la seguridad y el empleo, y que el Gobierno de Coahuila pone el ejemplo nacional en paz y certeza jur\u00eddica, lo que significa seguridad para nuestras familias, estabilidad laboral, nuevas inversiones y econom\u00eda en todas las escalas.<\/p>\n\n\n\n<p>Por su parte, el magistrado Rafael Guerra mencion\u00f3 que Coahuila es un valor importante en la reserva moral de la naci\u00f3n, \u201cuna tierra de h\u00e9roes, estadistas, reformas y revolucionarios que representan su car\u00e1cter tenaz y ejemplar\u201d.<\/p>\n\n\n\n<p>Destac\u00f3 que hoy, el estado atraviesa un vibrante periodo de evoluci\u00f3n jur\u00eddica, pol\u00edtica y social que convergen en una sociedad de derechos y deberes.<\/p>\n","protected":false},"excerpt":{"rendered":"<p>\u00b7 Asiste el gobernador Manolo Jim\u00e9nez al informe del Magistrado Presidente del Tribunal Superior de Justicia del Estado, Miguel Mery. Torre\u00f3n, Coahuila de Zaragoza; a 27 de enero de 2025.- El gobernador Manolo Jim\u00e9nez Salinas estuvo presente en el informe del Magistrado Miguel Felipe Mery Ayup, magistrado presidente del Tribunal Superior de Justicia del Estado, [&hellip;]<\/p>\n","protected":false},"author":1,"featured_media":15429,"comment_status":"open","ping_status":"open","sticky":false,"template":"","format":"standard","meta":{"_monsterinsights_skip_tracking":false,"_monsterinsights_sitenote_active":false,"_monsterinsights_sitenote_note":"","_monsterinsights_sitenote_category":0,"footnotes":""},"categories":[1],"tags":[],"_links":{"self":[{"href":"https:\/\/zonalimitrofe-cbnr.com\/index.php\/wp-json\/wp\/v2\/posts\/15428"}],"collection":[{"href":"https:\/\/zonalimitrofe-cbnr.com\/index.php\/wp-json\/wp\/v2\/posts"}],"about":[{"href":"https:\/\/zonalimitrofe-cbnr.com\/index.php\/wp-json\/wp\/v2\/types\/post"}],"author":[{"embeddable":true,"href":"https:\/\/zonalimitrofe-cbnr.com\/index.php\/wp-json\/wp\/v2\/users\/1"}],"replies":[{"embeddable":true,"href":"https:\/\/zonalimitrofe-cbnr.com\/index.php\/wp-json\/wp\/v2\/comments?post=15428"}],"version-history":[{"count":1,"href":"https:\/\/zonalimitrofe-cbnr.com\/index.php\/wp-json\/wp\/v2\/posts\/15428\/revisions"}],"predecessor-version":[{"id":15430,"href":"https:\/\/zonalimitrofe-cbnr.com\/index.php\/wp-json\/wp\/v2\/posts\/15428\/revisions\/15430"}],"wp:featuredmedia":[{"embeddable":true,"href":"https:\/\/zonalimitrofe-cbnr.com\/index.php\/wp-json\/wp\/v2\/media\/15429"}],"wp:attachment":[{"href":"https:\/\/zonalimitrofe-cbnr.com\/index.php\/wp-json\/wp\/v2\/media?parent=15428"}],"wp:term":[{"taxonomy":"category","embeddable":true,"href":"https:\/\/zonalimitrofe-cbnr.com\/index.php\/wp-json\/wp\/v2\/categories?post=15428"},{"taxonomy":"post_tag","embeddable":true,"href":"https:\/\/zonalimitrofe-cbnr.com\/index.php\/wp-json\/wp\/v2\/tags?post=15428"}],"curies":[{"name":"wp","href":"https:\/\/api.w.org\/{rel}","templated":true}]}}