{"id":15410,"date":"2025-01-27T16:28:30","date_gmt":"2025-01-27T22:28:30","guid":{"rendered":"https:\/\/zonalimitrofe-cbnr.com\/?p=15410"},"modified":"2025-01-27T16:28:30","modified_gmt":"2025-01-27T22:28:30","slug":"uadec-cursa-en-la-uadec-la-licenciatura-en-derecho-con-perspectiva-en-derechos-humanos","status":"publish","type":"post","link":"https:\/\/zonalimitrofe-cbnr.com\/index.php\/2025\/01\/27\/uadec-cursa-en-la-uadec-la-licenciatura-en-derecho-con-perspectiva-en-derechos-humanos\/","title":{"rendered":"#UAdeC. Cursa en la UAdeC la Licenciatura en Derecho con Perspectiva en Derechos Humanos"},"content":{"rendered":"\n<p>ARTEAGA, Coahuila. 27 de enero de 2025. La Academia Interamericana de Derechos Humanos (AIDH) de la Universidad Aut\u00f3noma de Coahuila, convoca a estudiantes que hayan concluido estudios de bachillerato interesados en cursar la Licenciatura en Derecho con Perspectiva en Derechos Humanos, cuyas clases iniciar\u00e1n en agosto de 2025.<\/p>\n\n\n\n<p>La Licenciatura AIDH tiene una duraci\u00f3n de nueve semestres y es un programa \u00fanico en su tipo en todo M\u00e9xico, que prepara a Juristas con una amplia formaci\u00f3n humanista, y en el que todas sus materias tienen una visi\u00f3n transversal de respeto y promoci\u00f3n de los Derechos Humanos.<\/p>\n\n\n\n<p>Las y los egresados del programa ser\u00e1n personas con una formaci\u00f3n integral que les permita ejercer plenamente la profesi\u00f3n jur\u00eddica con un profundo sentido de responsabilidad y compromiso social en los \u00e1mbitos local, nacional, regional e internacional.<\/p>\n\n\n\n<p>Los requisitos que deber\u00e1n cumplir los interesados son los siguientes: Haber concluido estudios de nivel Bachillerato, presentar examen de admisi\u00f3n en la Universidad Aut\u00f3noma de Coahuila, presentar y resolver un caso planteado por el Comit\u00e9 Acad\u00e9mico de la AIDH, realizar una entrevista personal con el Comit\u00e9 Acad\u00e9mico y ser aceptado por \u00e9l, presentar expediente y realizar su inscripci\u00f3n acad\u00e9mica y administrativa al programa.<\/p>\n\n\n\n<p>La resoluci\u00f3n del caso versar\u00e1 sobre un caso hipot\u00e9tico, en el que ser\u00e1 evaluado y considerado el razonamiento y orientaci\u00f3n vocacional del alumnado con la finalidad de identificar perfiles afines al programa, y cuya r\u00fabrica y contenido ser\u00e1 elaborado de manera objetiva por un grupo de acad\u00e9micos expertos, de conformidad con los lineamientos que estar\u00e1n disponibles en la p\u00e1gina web de la Licenciatura https:\/\/www.academiaidh.com\/licenciatura.<\/p>\n\n\n\n<p>La solicitud de admisi\u00f3n, el registro de aspirantes y pago de fichas se har\u00e1 a hasta el 29 de enero de 2025, la impresi\u00f3n de fichas del 23 de enero al 2 de febrero, el examen de admisi\u00f3n se aplicar\u00e1 el 5 de abril, publicaci\u00f3n del caso hipot\u00e9tico ser\u00e1 el 12 de mayo y el env\u00edo de los casos el 15 de mayo.<\/p>\n\n\n\n<p>Las entrevistas a aspirantes ser\u00e1n del 20 al 23 de mayo, la publicaci\u00f3n de resultados se har\u00e1 el 30 de mayo, las inscripciones y recepci\u00f3n de documentos se llevar\u00e1n a cabo del 4 al 15 de agosto, el curso de inducci\u00f3n del 11 al 14 y el inicio de clases el 18 de agosto.<\/p>\n\n\n\n<p>Para m\u00e1s informaci\u00f3n consultar la convocatoria en la p\u00e1gina https:\/\/www.academiaidh.com\/, escribir al correo electr\u00f3nico licenciatura@academiaidh.org.mx, tel\u00e9fono (844) 299 96 00 o en las oficinas de la AIDH ubicadas en la Infoteca del Campus Arteaga de la UAdeC.<\/p>\n","protected":false},"excerpt":{"rendered":"<p>ARTEAGA, Coahuila. 27 de enero de 2025. La Academia Interamericana de Derechos Humanos (AIDH) de la Universidad Aut\u00f3noma de Coahuila, convoca a estudiantes que hayan concluido estudios de bachillerato interesados en cursar la Licenciatura en Derecho con Perspectiva en Derechos Humanos, cuyas clases iniciar\u00e1n en agosto de 2025. La Licenciatura AIDH tiene una duraci\u00f3n de [&hellip;]<\/p>\n","protected":false},"author":1,"featured_media":15411,"comment_status":"open","ping_status":"open","sticky":false,"template":"","format":"standard","meta":{"_monsterinsights_skip_tracking":false,"_monsterinsights_sitenote_active":false,"_monsterinsights_sitenote_note":"","_monsterinsights_sitenote_category":0,"footnotes":""},"categories":[1],"tags":[],"_links":{"self":[{"href":"https:\/\/zonalimitrofe-cbnr.com\/index.php\/wp-json\/wp\/v2\/posts\/15410"}],"collection":[{"href":"https:\/\/zonalimitrofe-cbnr.com\/index.php\/wp-json\/wp\/v2\/posts"}],"about":[{"href":"https:\/\/zonalimitrofe-cbnr.com\/index.php\/wp-json\/wp\/v2\/types\/post"}],"author":[{"embeddable":true,"href":"https:\/\/zonalimitrofe-cbnr.com\/index.php\/wp-json\/wp\/v2\/users\/1"}],"replies":[{"embeddable":true,"href":"https:\/\/zonalimitrofe-cbnr.com\/index.php\/wp-json\/wp\/v2\/comments?post=15410"}],"version-history":[{"count":1,"href":"https:\/\/zonalimitrofe-cbnr.com\/index.php\/wp-json\/wp\/v2\/posts\/15410\/revisions"}],"predecessor-version":[{"id":15412,"href":"https:\/\/zonalimitrofe-cbnr.com\/index.php\/wp-json\/wp\/v2\/posts\/15410\/revisions\/15412"}],"wp:featuredmedia":[{"embeddable":true,"href":"https:\/\/zonalimitrofe-cbnr.com\/index.php\/wp-json\/wp\/v2\/media\/15411"}],"wp:attachment":[{"href":"https:\/\/zonalimitrofe-cbnr.com\/index.php\/wp-json\/wp\/v2\/media?parent=15410"}],"wp:term":[{"taxonomy":"category","embeddable":true,"href":"https:\/\/zonalimitrofe-cbnr.com\/index.php\/wp-json\/wp\/v2\/categories?post=15410"},{"taxonomy":"post_tag","embeddable":true,"href":"https:\/\/zonalimitrofe-cbnr.com\/index.php\/wp-json\/wp\/v2\/tags?post=15410"}],"curies":[{"name":"wp","href":"https:\/\/api.w.org\/{rel}","templated":true}]}}