{"id":15401,"date":"2025-01-27T16:21:19","date_gmt":"2025-01-27T22:21:19","guid":{"rendered":"https:\/\/zonalimitrofe-cbnr.com\/?p=15401"},"modified":"2025-01-27T16:21:20","modified_gmt":"2025-01-27T22:21:20","slug":"torreon-celebran-el-dia-mundial-de-la-educacion-ambiental-con-taller-de-germinacion","status":"publish","type":"post","link":"https:\/\/zonalimitrofe-cbnr.com\/index.php\/2025\/01\/27\/torreon-celebran-el-dia-mundial-de-la-educacion-ambiental-con-taller-de-germinacion\/","title":{"rendered":"#Torre\u00f3n. Celebran el D\u00eda Mundial de la Educaci\u00f3n Ambiental con taller de germinaci\u00f3n"},"content":{"rendered":"\n<p><strong>Torre\u00f3n, Coahuila. A 27 de enero de 2025.-<\/strong> En el marco del D\u00eda Mundial de la Educaci\u00f3n Ambiental celebrada cada 26 de enero, este fin de semana la Direcci\u00f3n General de Medio Ambiente en colaboraci\u00f3n con el DIF Torre\u00f3n, llev\u00f3 a cabo un taller de germinaci\u00f3n. El evento tuvo lugar en el Centro Comunitario Carmen Romano ubicado en la colonia del mismo nombre, y cont\u00f3 con la participaci\u00f3n de 20 asistentes, quienes aprendieron sobre los principios y beneficios de la germinaci\u00f3n, adem\u00e1s de la conexi\u00f3n entre la naturaleza y la vida humana. Marcelo S\u00e1nchez Adame, director de Medio Ambiente, dio a conocer que el taller tuvo como prop\u00f3sito sensibilizar a los participantes sobre la importancia de la educaci\u00f3n ambiental, y brindarles herramientas pr\u00e1cticas para iniciar peque\u00f1os proyectos de germinaci\u00f3n en casa, destacando que el cambio empieza desde las acciones cotidianas. Indic\u00f3 que la actividad fue abierta a la comunidad en general, con \u00e9nfasis en promover la participaci\u00f3n de familias y ciudadanos interesados en contribuir al cuidado del medio ambiente y la sostenibilidad. El funcionario destac\u00f3 que el evento forma parte de las acciones de la Administraci\u00f3n Municipal encabezada por el alcalde Rom\u00e1n Alberto Cepeda Gonz\u00e1lez, que buscan generar conciencia sobre el cuidado ambiental, pues se\u00f1al\u00f3 que es una herencia para las generaciones futuras. Adem\u00e1s, reafirman el compromiso con el fortalecimiento de la cultura ambiental en Torre\u00f3n, por lo que dijo continuar\u00e1n organizando actividades similares en los pr\u00f3ximos meses. Por lo anterior, el director invit\u00f3 a la ciudadan\u00eda a estar atentos a las redes sociales y al portal oficial del municipio, para conocer m\u00e1s detalles sobre futuros talleres y eventos.<\/p>\n","protected":false},"excerpt":{"rendered":"<p>Torre\u00f3n, Coahuila. A 27 de enero de 2025.- En el marco del D\u00eda Mundial de la Educaci\u00f3n Ambiental celebrada cada 26 de enero, este fin de semana la Direcci\u00f3n General de Medio Ambiente en colaboraci\u00f3n con el DIF Torre\u00f3n, llev\u00f3 a cabo un taller de germinaci\u00f3n. El evento tuvo lugar en el Centro Comunitario Carmen [&hellip;]<\/p>\n","protected":false},"author":1,"featured_media":15402,"comment_status":"open","ping_status":"open","sticky":false,"template":"","format":"standard","meta":{"_monsterinsights_skip_tracking":false,"_monsterinsights_sitenote_active":false,"_monsterinsights_sitenote_note":"","_monsterinsights_sitenote_category":0,"footnotes":""},"categories":[1],"tags":[],"_links":{"self":[{"href":"https:\/\/zonalimitrofe-cbnr.com\/index.php\/wp-json\/wp\/v2\/posts\/15401"}],"collection":[{"href":"https:\/\/zonalimitrofe-cbnr.com\/index.php\/wp-json\/wp\/v2\/posts"}],"about":[{"href":"https:\/\/zonalimitrofe-cbnr.com\/index.php\/wp-json\/wp\/v2\/types\/post"}],"author":[{"embeddable":true,"href":"https:\/\/zonalimitrofe-cbnr.com\/index.php\/wp-json\/wp\/v2\/users\/1"}],"replies":[{"embeddable":true,"href":"https:\/\/zonalimitrofe-cbnr.com\/index.php\/wp-json\/wp\/v2\/comments?post=15401"}],"version-history":[{"count":1,"href":"https:\/\/zonalimitrofe-cbnr.com\/index.php\/wp-json\/wp\/v2\/posts\/15401\/revisions"}],"predecessor-version":[{"id":15403,"href":"https:\/\/zonalimitrofe-cbnr.com\/index.php\/wp-json\/wp\/v2\/posts\/15401\/revisions\/15403"}],"wp:featuredmedia":[{"embeddable":true,"href":"https:\/\/zonalimitrofe-cbnr.com\/index.php\/wp-json\/wp\/v2\/media\/15402"}],"wp:attachment":[{"href":"https:\/\/zonalimitrofe-cbnr.com\/index.php\/wp-json\/wp\/v2\/media?parent=15401"}],"wp:term":[{"taxonomy":"category","embeddable":true,"href":"https:\/\/zonalimitrofe-cbnr.com\/index.php\/wp-json\/wp\/v2\/categories?post=15401"},{"taxonomy":"post_tag","embeddable":true,"href":"https:\/\/zonalimitrofe-cbnr.com\/index.php\/wp-json\/wp\/v2\/tags?post=15401"}],"curies":[{"name":"wp","href":"https:\/\/api.w.org\/{rel}","templated":true}]}}