{"id":15389,"date":"2025-01-27T16:07:05","date_gmt":"2025-01-27T22:07:05","guid":{"rendered":"https:\/\/zonalimitrofe-cbnr.com\/?p=15389"},"modified":"2025-01-27T16:07:05","modified_gmt":"2025-01-27T22:07:05","slug":"durango-antes-asistian-a-clases-en-casa-de-renta-ahora-con-esteban-y-tono-alumnos-estrenan-jardin-de-ninos","status":"publish","type":"post","link":"https:\/\/zonalimitrofe-cbnr.com\/index.php\/2025\/01\/27\/durango-antes-asistian-a-clases-en-casa-de-renta-ahora-con-esteban-y-tono-alumnos-estrenan-jardin-de-ninos\/","title":{"rendered":"#Durango. Antes asist\u00edan a clases en casa de renta, ahora con Esteban y To\u00f1o alumnos estrenan Jard\u00edn de Ni\u00f1os*"},"content":{"rendered":"\n<ul>\n<li><em>En equipo el Gobernador y Alcalde construyen espacios dignos para la educaci\u00f3n; inauguran preescolar de nueva creaci\u00f3n en fraccionamiento Crist\u00f3bal Col\u00f3n.<\/em><\/li>\n\n\n\n<li><em>\u201cCon el apoyo del Gobernador, el sue\u00f1o de tener una escuela, ha sido posible\u201d: padres de familia.<\/em><\/li>\n<\/ul>\n\n\n\n<p>Con la entrega del Jard\u00edn de Ni\u00f1os \u201cLibertad\u201d en el fraccionamiento Crist\u00f3bal Col\u00f3n, las ni\u00f1as y ni\u00f1os de preescolar, ya no tendr\u00e1n que asistir a clases en una casa de renta, porque ahora ya tienen instalaciones nuevas y modernas para aprender, esto luego que el gobernador Esteban Villegas inaugurara este espacio tan anhelado, junto a su esposa Marisol Rosso y el alcalde To\u00f1o Ochoa.<\/p>\n\n\n\n<p>Al entregar esta escuela de nueva creaci\u00f3n, el Mandatario record\u00f3 que antes los padres de familia pagaban la renta de una casa para que sus hijos asistieran a clases, quienes ahora, gracias a la gesti\u00f3n de sus pap\u00e1s, ya podr\u00e1n estudiar en un lugar seguro y adecuado; \u201cya lo atiende una directora, tres maestras y un asistente de servicio quienes brindan atenci\u00f3n a 62 alumnos de este fraccionamiento y aleda\u00f1os\u201d, detall\u00f3.<\/p>\n\n\n\n<p>\u201cLa educaci\u00f3n es la mejor herencia que les podemos dar a nuestros hijos, por eso estamos aqu\u00ed, con m\u00e1s equipamiento para las ni\u00f1as y ni\u00f1os, adem\u00e1s vamos a seguir entregando uniformes escolares gratuitos e invertir m\u00e1s en infraestructura educativa\u201d, dijo Villegas Villarreal al comprometerse a construir un sal\u00f3n m\u00e1s, el cual servir\u00e1 como desayunador gratuito y funcionar\u00e1 en coordinaci\u00f3n con DIF Estatal y el Municipio de Durango.<\/p>\n\n\n\n<p>La inauguraci\u00f3n del Jard\u00edn de Ni\u00f1os \u201cLibertad\u201d, es un gran resultado y apoyo del Gobernador, gracias por hacer posible este proyecto, con visi\u00f3n y compromiso con la educaci\u00f3n\u201d, expres\u00f3 la presidenta de la Asociaci\u00f3n de Padres de Familia, Diana Esquivel.<\/p>\n\n\n\n<p>Describi\u00f3 que antes de realizar las gestiones en la Secretar\u00eda de Educaci\u00f3n, no se ten\u00edan instalaciones y asist\u00edan a clases en una casa de renta que consiguieron y solo contaban con dos maestras; despu\u00e9s de 8 meses, ahora ya cuentan con instalaciones bonitas, para que los ni\u00f1os puedan tener una educaci\u00f3n de calidad; con el apoyo del Gobernador el sue\u00f1o de tener una escuela, ha sido posible.<\/p>\n\n\n\n<p>En este Jard\u00edn, nuestros ni\u00f1os aprender\u00e1n y crecer\u00e1n, resalt\u00f3 la directora de este plantel, Vianey Escalante Estrada, al agradecer el inicio de la historia de este preescolar tan esperado por los habitantes de este fraccionamiento.<\/p>\n\n\n\n<p>Esta obra tuvo una inversi\u00f3n de 4.1 millones de pesos donde se construyeron los servicios sanitarios y direcci\u00f3n, tres aulas did\u00e1cticas, obra exterior, equipamiento y mobiliario, con el fin de que los alumnos tengan un espacio m\u00e1s amplio en donde desempe\u00f1ar sus clases.<\/p>\n","protected":false},"excerpt":{"rendered":"<p>Con la entrega del Jard\u00edn de Ni\u00f1os \u201cLibertad\u201d en el fraccionamiento Crist\u00f3bal Col\u00f3n, las ni\u00f1as y ni\u00f1os de preescolar, ya no tendr\u00e1n que asistir a clases en una casa de renta, porque ahora ya tienen instalaciones nuevas y modernas para aprender, esto luego que el gobernador Esteban Villegas inaugurara este espacio tan anhelado, junto a [&hellip;]<\/p>\n","protected":false},"author":1,"featured_media":15390,"comment_status":"open","ping_status":"open","sticky":false,"template":"","format":"standard","meta":{"_monsterinsights_skip_tracking":false,"_monsterinsights_sitenote_active":false,"_monsterinsights_sitenote_note":"","_monsterinsights_sitenote_category":0,"footnotes":""},"categories":[1],"tags":[],"_links":{"self":[{"href":"https:\/\/zonalimitrofe-cbnr.com\/index.php\/wp-json\/wp\/v2\/posts\/15389"}],"collection":[{"href":"https:\/\/zonalimitrofe-cbnr.com\/index.php\/wp-json\/wp\/v2\/posts"}],"about":[{"href":"https:\/\/zonalimitrofe-cbnr.com\/index.php\/wp-json\/wp\/v2\/types\/post"}],"author":[{"embeddable":true,"href":"https:\/\/zonalimitrofe-cbnr.com\/index.php\/wp-json\/wp\/v2\/users\/1"}],"replies":[{"embeddable":true,"href":"https:\/\/zonalimitrofe-cbnr.com\/index.php\/wp-json\/wp\/v2\/comments?post=15389"}],"version-history":[{"count":1,"href":"https:\/\/zonalimitrofe-cbnr.com\/index.php\/wp-json\/wp\/v2\/posts\/15389\/revisions"}],"predecessor-version":[{"id":15391,"href":"https:\/\/zonalimitrofe-cbnr.com\/index.php\/wp-json\/wp\/v2\/posts\/15389\/revisions\/15391"}],"wp:featuredmedia":[{"embeddable":true,"href":"https:\/\/zonalimitrofe-cbnr.com\/index.php\/wp-json\/wp\/v2\/media\/15390"}],"wp:attachment":[{"href":"https:\/\/zonalimitrofe-cbnr.com\/index.php\/wp-json\/wp\/v2\/media?parent=15389"}],"wp:term":[{"taxonomy":"category","embeddable":true,"href":"https:\/\/zonalimitrofe-cbnr.com\/index.php\/wp-json\/wp\/v2\/categories?post=15389"},{"taxonomy":"post_tag","embeddable":true,"href":"https:\/\/zonalimitrofe-cbnr.com\/index.php\/wp-json\/wp\/v2\/tags?post=15389"}],"curies":[{"name":"wp","href":"https:\/\/api.w.org\/{rel}","templated":true}]}}