{"id":15362,"date":"2025-01-26T17:05:24","date_gmt":"2025-01-26T23:05:24","guid":{"rendered":"https:\/\/zonalimitrofe-cbnr.com\/?p=15362"},"modified":"2025-01-26T17:05:24","modified_gmt":"2025-01-26T23:05:24","slug":"durango-va-durango-por-la-salud-y-el-deporte-se-suma-a-la-clase-nacional-de-boxeo-el-proximo-6-de-abril","status":"publish","type":"post","link":"https:\/\/zonalimitrofe-cbnr.com\/index.php\/2025\/01\/26\/durango-va-durango-por-la-salud-y-el-deporte-se-suma-a-la-clase-nacional-de-boxeo-el-proximo-6-de-abril\/","title":{"rendered":"#Durango. Va Durango por la salud y el deporte; se suma a la clase nacional de boxeo el pr\u00f3ximo 6 de abril*"},"content":{"rendered":"\n<ul>\n<li><em>Gobernador Esteban y Miguel Torruco, signan cintur\u00f3n emblem\u00e1tico para trabajar por la paz y la construcci\u00f3n de M\u00e9xico.<\/em><\/li>\n\n\n\n<li><em>Entidad es de las primeras en unirse a la iniciativa del Plan Nacional de Promoci\u00f3n al Deporte y Bienestar.<\/em><\/li>\n<\/ul>\n\n\n\n<p>Para seguir impulsando la salud y el deporte, Durango se suma a la Clase Nacional de Boxeo el pr\u00f3ximo 6 de abril, donde todo el pa\u00eds se va a unir con la misma bandera de la paz y la construcci\u00f3n de M\u00e9xico, as\u00ed lo dieron a conocer el gobernador Esteban Villegas Villarreal y el titular de la Direcci\u00f3n Nacional de Promoci\u00f3n al Deporte y Bienestar, Miguel Torruco Garza.<\/p>\n\n\n\n<p>Al signar el cintur\u00f3n emblem\u00e1tico para la paz y la construcci\u00f3n del pa\u00eds, el Mandatario Duranguense agradeci\u00f3 a la Presidenta Claudia Sheinbaum por hacer realidad esta estrategia deportiva en Durango, \u201cnosotros la vamos a hacer aqu\u00ed en la plaza IV Centenario, es un gran reto y me gusta mucho que empiecen con esta din\u00e1mica del deporte, hay que meterle recurso, hay que involucrar a los j\u00f3venes, a los ni\u00f1os, a los adultos mayores, vale mucho la pena para poder sacar a los j\u00f3venes de las drogas y del uso excesivo del tel\u00e9fono\u201d, consider\u00f3.<\/p>\n\n\n\n<p>Villegas Villarreal agreg\u00f3 que el Gobierno Federal cuenta con el apoyo del Gobierno de Durango para no solamente llevar a cabo esta clase que se desarrollara en el marco del D\u00eda Internacional del Deporte para el Desarrollo y la Paz, sino el impulso de proyectos que promuevan el deporte comunitario en todo el pa\u00eds.<\/p>\n\n\n\n<p>\u201cNos vamos a encargar de hacer campeones de vida\u201d, asegur\u00f3 el titular de Promoci\u00f3n al Deporte y Bienestar, Miguel Torruco Garza al agradecer la disposici\u00f3n del gobernador de Durango e invit\u00f3 a todas a las familias a sumarse a esta gran actividad que se llevar\u00e1 a cabo de manera simult\u00e1nea en todo M\u00e9xico, el pr\u00f3ximo 6 de abril.<\/p>\n\n\n\n<p>Como muestra de que Durango est\u00e1 comprometido con el deporte y la salud de su gente, se llev\u00f3 a cabo una clase muestra de boxeo en el auditorio de la Benem\u00e9rita y Centenaria Escuela Normal del Estado de Durango (Bycened), donde participaron con entusiasmo cientos de ni\u00f1os y j\u00f3venes estudiantes.<\/p>\n","protected":false},"excerpt":{"rendered":"<p>Para seguir impulsando la salud y el deporte, Durango se suma a la Clase Nacional de Boxeo el pr\u00f3ximo 6 de abril, donde todo el pa\u00eds se va a unir con la misma bandera de la paz y la construcci\u00f3n de M\u00e9xico, as\u00ed lo dieron a conocer el gobernador Esteban Villegas Villarreal y el titular [&hellip;]<\/p>\n","protected":false},"author":1,"featured_media":15363,"comment_status":"open","ping_status":"open","sticky":false,"template":"","format":"standard","meta":{"_monsterinsights_skip_tracking":false,"_monsterinsights_sitenote_active":false,"_monsterinsights_sitenote_note":"","_monsterinsights_sitenote_category":0,"footnotes":""},"categories":[1],"tags":[],"_links":{"self":[{"href":"https:\/\/zonalimitrofe-cbnr.com\/index.php\/wp-json\/wp\/v2\/posts\/15362"}],"collection":[{"href":"https:\/\/zonalimitrofe-cbnr.com\/index.php\/wp-json\/wp\/v2\/posts"}],"about":[{"href":"https:\/\/zonalimitrofe-cbnr.com\/index.php\/wp-json\/wp\/v2\/types\/post"}],"author":[{"embeddable":true,"href":"https:\/\/zonalimitrofe-cbnr.com\/index.php\/wp-json\/wp\/v2\/users\/1"}],"replies":[{"embeddable":true,"href":"https:\/\/zonalimitrofe-cbnr.com\/index.php\/wp-json\/wp\/v2\/comments?post=15362"}],"version-history":[{"count":1,"href":"https:\/\/zonalimitrofe-cbnr.com\/index.php\/wp-json\/wp\/v2\/posts\/15362\/revisions"}],"predecessor-version":[{"id":15364,"href":"https:\/\/zonalimitrofe-cbnr.com\/index.php\/wp-json\/wp\/v2\/posts\/15362\/revisions\/15364"}],"wp:featuredmedia":[{"embeddable":true,"href":"https:\/\/zonalimitrofe-cbnr.com\/index.php\/wp-json\/wp\/v2\/media\/15363"}],"wp:attachment":[{"href":"https:\/\/zonalimitrofe-cbnr.com\/index.php\/wp-json\/wp\/v2\/media?parent=15362"}],"wp:term":[{"taxonomy":"category","embeddable":true,"href":"https:\/\/zonalimitrofe-cbnr.com\/index.php\/wp-json\/wp\/v2\/categories?post=15362"},{"taxonomy":"post_tag","embeddable":true,"href":"https:\/\/zonalimitrofe-cbnr.com\/index.php\/wp-json\/wp\/v2\/tags?post=15362"}],"curies":[{"name":"wp","href":"https:\/\/api.w.org\/{rel}","templated":true}]}}