{"id":15315,"date":"2025-01-25T14:50:18","date_gmt":"2025-01-25T20:50:18","guid":{"rendered":"https:\/\/zonalimitrofe-cbnr.com\/?p=15315"},"modified":"2025-01-25T14:50:18","modified_gmt":"2025-01-25T20:50:18","slug":"torreon-alumnos-de-secundaria-reciben-platica-sobre-atencion-a-la-salud-mental","status":"publish","type":"post","link":"https:\/\/zonalimitrofe-cbnr.com\/index.php\/2025\/01\/25\/torreon-alumnos-de-secundaria-reciben-platica-sobre-atencion-a-la-salud-mental\/","title":{"rendered":"#Torre\u00f3n. Alumnos de secundaria reciben pl\u00e1tica sobre atenci\u00f3n a la salud mental"},"content":{"rendered":"\n<p>Torre\u00f3n, Coahuila. A 24 de enero de 2025<\/p>\n\n\n\n<p>Personal de la Direcci\u00f3n de Prevenci\u00f3n Social del Delito, llev\u00f3 la pl\u00e1tica sobre salud mental a alumnos de la escuela secundaria \u201cElsa Hern\u00e1ndez De Las Fuentes\u201d, con el objetivo de prevenirlos sobre el c\u00f3mo detectar conductas que alerten sobre alg\u00fan padecimiento que requiera atenci\u00f3n psicol\u00f3gica o psiqui\u00e1trica.<\/p>\n\n\n\n<p>El acercamiento con los j\u00f3venes en las instituciones escolares busca brindar herramientas para prevenir, identificar y tratar los padecimientos mentales.<\/p>\n\n\n\n<p>V\u00edctor Ramos Galindo, encargado del despacho de la dependencia, coment\u00f3 que en la primera charla se atendi\u00f3 a 20 alumnos, y se\u00f1al\u00f3 que se pretende llegar a tres planteles educativos por semana.<\/p>\n\n\n\n<p>Detall\u00f3 que adem\u00e1s de la pl\u00e1tica se realiza una encuesta de diagn\u00f3stico, para con ello generar un taller de acuerdo a las necesidades que se encuentran mediante esta medici\u00f3n en cada grupo.<\/p>\n\n\n\n<p>\u201cSe realiza en una primera etapa la pl\u00e1tica informativa, a partir de ah\u00ed se hace un diagn\u00f3stico de las necesidades espec\u00edficas del grupo y de los alumnos, para regresar con los talleres\u201d, explic\u00f3 el funcionario.<\/p>\n\n\n\n<p>Dijo que los talleres se desarrollan en un lapso de tres meses, para una mayor eficacia.<\/p>\n\n\n\n<p>Mencion\u00f3 que los talleres que se brindan se enfocan en acciones como la Gesti\u00f3n Emocional, la Toma de Decisiones, Comunicaci\u00f3n Asertiva, y la Resoluci\u00f3n de Conflictos.<\/p>\n\n\n\n<p>Ramos Galindo se\u00f1al\u00f3 que la prevenci\u00f3n en todas sus vertientes, es un tema de gran relevancia para el alcalde Rom\u00e1n Alberto Cepeda Gonz\u00e1lez, por lo que de esta manera se trabaja en brindar la informaci\u00f3n a los j\u00f3venes sobre este y otros temas que inquietan a este sector de la poblaci\u00f3n, y a partir de ello generar acciones que apoyen sus necesidades y dar as\u00ed la atenci\u00f3n que se requiera.<\/p>\n\n\n\n<p>Reiter\u00f3 que las escuelas interesadas en que se pueda acudir a realizar este ejercicio de pl\u00e1ticas y talleres, se comuniquen mediante la p\u00e1gina de Facebook: Prevenci\u00f3n Social del Delito o al n\u00famero de contacto 871 500 70 00 extensi\u00f3n 1554.<\/p>\n","protected":false},"excerpt":{"rendered":"<p>Torre\u00f3n, Coahuila. A 24 de enero de 2025 Personal de la Direcci\u00f3n de Prevenci\u00f3n Social del Delito, llev\u00f3 la pl\u00e1tica sobre salud mental a alumnos de la escuela secundaria \u201cElsa Hern\u00e1ndez De Las Fuentes\u201d, con el objetivo de prevenirlos sobre el c\u00f3mo detectar conductas que alerten sobre alg\u00fan padecimiento que requiera atenci\u00f3n psicol\u00f3gica o psiqui\u00e1trica. [&hellip;]<\/p>\n","protected":false},"author":1,"featured_media":15317,"comment_status":"open","ping_status":"open","sticky":false,"template":"","format":"standard","meta":{"_monsterinsights_skip_tracking":false,"_monsterinsights_sitenote_active":false,"_monsterinsights_sitenote_note":"","_monsterinsights_sitenote_category":0,"footnotes":""},"categories":[1],"tags":[],"_links":{"self":[{"href":"https:\/\/zonalimitrofe-cbnr.com\/index.php\/wp-json\/wp\/v2\/posts\/15315"}],"collection":[{"href":"https:\/\/zonalimitrofe-cbnr.com\/index.php\/wp-json\/wp\/v2\/posts"}],"about":[{"href":"https:\/\/zonalimitrofe-cbnr.com\/index.php\/wp-json\/wp\/v2\/types\/post"}],"author":[{"embeddable":true,"href":"https:\/\/zonalimitrofe-cbnr.com\/index.php\/wp-json\/wp\/v2\/users\/1"}],"replies":[{"embeddable":true,"href":"https:\/\/zonalimitrofe-cbnr.com\/index.php\/wp-json\/wp\/v2\/comments?post=15315"}],"version-history":[{"count":1,"href":"https:\/\/zonalimitrofe-cbnr.com\/index.php\/wp-json\/wp\/v2\/posts\/15315\/revisions"}],"predecessor-version":[{"id":15318,"href":"https:\/\/zonalimitrofe-cbnr.com\/index.php\/wp-json\/wp\/v2\/posts\/15315\/revisions\/15318"}],"wp:featuredmedia":[{"embeddable":true,"href":"https:\/\/zonalimitrofe-cbnr.com\/index.php\/wp-json\/wp\/v2\/media\/15317"}],"wp:attachment":[{"href":"https:\/\/zonalimitrofe-cbnr.com\/index.php\/wp-json\/wp\/v2\/media?parent=15315"}],"wp:term":[{"taxonomy":"category","embeddable":true,"href":"https:\/\/zonalimitrofe-cbnr.com\/index.php\/wp-json\/wp\/v2\/categories?post=15315"},{"taxonomy":"post_tag","embeddable":true,"href":"https:\/\/zonalimitrofe-cbnr.com\/index.php\/wp-json\/wp\/v2\/tags?post=15315"}],"curies":[{"name":"wp","href":"https:\/\/api.w.org\/{rel}","templated":true}]}}