{"id":15312,"date":"2025-01-25T14:47:48","date_gmt":"2025-01-25T20:47:48","guid":{"rendered":"https:\/\/zonalimitrofe-cbnr.com\/?p=15312"},"modified":"2025-01-25T14:47:48","modified_gmt":"2025-01-25T20:47:48","slug":"clubsantos-queremos-dar-un-golpe-de-autoridad-santiago-munoz","status":"publish","type":"post","link":"https:\/\/zonalimitrofe-cbnr.com\/index.php\/2025\/01\/25\/clubsantos-queremos-dar-un-golpe-de-autoridad-santiago-munoz\/","title":{"rendered":"#ClubSantos. \u201cQUEREMOS DAR UN GOLPE DE AUTORIDAD\u201d: SANTIAGO MU\u00d1OZ"},"content":{"rendered":"\n<p>\u00b7 El atacante santista Santiago Mu\u00f1oz hizo su debut con la Selecci\u00f3n Nacional de M\u00e9xico, en la reciente gira que realiz\u00f3 el representativo nacional por Sudam\u00e9rica. El canterano vio actividad en los dos compromisos que enfrent\u00f3 el Tricolor, ante el Internacional de Porto Alegre de Brasil y contra River Plate de Argentina.<\/p>\n\n\n\n<p>\u00b7 Los Guerreros trabajar\u00e1n esta tarde a las 16:30 horas en su cuartel general, Territorio Santos Modelo, sesi\u00f3n con la que cerrar\u00e1n filas, y posteriormente iniciar\u00e1n su concentraci\u00f3n correspondiente.<\/p>\n\n\n\n<p>Torre\u00f3n, Coahuila, a 24 de enero de 2025.- El delantero Santiago Mu\u00f1oz, canterano santista desde el Apertura 2018 y actualmente de 22 a\u00f1os, est\u00e1 de regreso en la Comarca Lagunera tras representar a M\u00e9xico a nivel internacional, ahora enfocado ahora en el compromiso de este s\u00e1bado contra Am\u00e9rica, de la jornada 3 del Torneo Clausura 2025.<\/p>\n\n\n\n<p>Con respecto a los primeros minutos que disput\u00f3 con el Tricolor bajo las indicaciones de Javier Aguirre, el Canterano Guerrero mencion\u00f3: \u201cMuy contento y motivado. Cumpl\u00ed un sue\u00f1o que tuve desde peque\u00f1o y ahora quiero mantenerme trabajando para seguir cosechando los frutos\u201d.<\/p>\n\n\n\n<p>Gira del Tricolor por Sudam\u00e9rica<\/p>\n\n\n\n<p>\u201cFue muy buena. Siempre es muy positivo el salir de nuestra zona de confort en ese sentido, enfrentando otro tipo de ambientes y de estadios; eso nos vino muy bien, adem\u00e1s de enfrentar a clubes de calidad con la intenci\u00f3n de seguir mejorando\u201d.<\/p>\n\n\n\n<p>Javier Aguirre y Rafael M\u00e1rquez<\/p>\n\n\n\n<p>\u201cPrimero que nada es un privilegio y una motivaci\u00f3n grand\u00edsima por todo lo que significan ellos. Javier Aguirre lo que fue como jugador y lo que es como entrenador. A Rafael M\u00e1rquez me toc\u00f3 verlo mucho tiempo por televisi\u00f3n, siendo el gran capit\u00e1n de nuestro pa\u00eds, entonces es algo muy emocionante para m\u00ed\u201d.<\/p>\n\n\n\n<p>Santos Laguna vs. Am\u00e9rica<\/p>\n\n\n\n<p>\u201cSer\u00e1 un partido muy dif\u00edcil, sabemos lo que significa enfrentar al tricampe\u00f3n Am\u00e9rica. Nosotros estamos trabajando fuerte porque queremos salir de esta situaci\u00f3n. Estamos seguros que con el trabajo, con actitud y con estar unidos ser\u00e1 un buen partido, adem\u00e1s de jugar el primer encuentro de local en el torneo. Queremos dar un golpe de autoridad\u201d.<\/p>\n","protected":false},"excerpt":{"rendered":"<p>\u00b7 El atacante santista Santiago Mu\u00f1oz hizo su debut con la Selecci\u00f3n Nacional de M\u00e9xico, en la reciente gira que realiz\u00f3 el representativo nacional por Sudam\u00e9rica. El canterano vio actividad en los dos compromisos que enfrent\u00f3 el Tricolor, ante el Internacional de Porto Alegre de Brasil y contra River Plate de Argentina. \u00b7 Los Guerreros [&hellip;]<\/p>\n","protected":false},"author":1,"featured_media":15313,"comment_status":"open","ping_status":"open","sticky":false,"template":"","format":"standard","meta":{"_monsterinsights_skip_tracking":false,"_monsterinsights_sitenote_active":false,"_monsterinsights_sitenote_note":"","_monsterinsights_sitenote_category":0,"footnotes":""},"categories":[1],"tags":[],"_links":{"self":[{"href":"https:\/\/zonalimitrofe-cbnr.com\/index.php\/wp-json\/wp\/v2\/posts\/15312"}],"collection":[{"href":"https:\/\/zonalimitrofe-cbnr.com\/index.php\/wp-json\/wp\/v2\/posts"}],"about":[{"href":"https:\/\/zonalimitrofe-cbnr.com\/index.php\/wp-json\/wp\/v2\/types\/post"}],"author":[{"embeddable":true,"href":"https:\/\/zonalimitrofe-cbnr.com\/index.php\/wp-json\/wp\/v2\/users\/1"}],"replies":[{"embeddable":true,"href":"https:\/\/zonalimitrofe-cbnr.com\/index.php\/wp-json\/wp\/v2\/comments?post=15312"}],"version-history":[{"count":1,"href":"https:\/\/zonalimitrofe-cbnr.com\/index.php\/wp-json\/wp\/v2\/posts\/15312\/revisions"}],"predecessor-version":[{"id":15314,"href":"https:\/\/zonalimitrofe-cbnr.com\/index.php\/wp-json\/wp\/v2\/posts\/15312\/revisions\/15314"}],"wp:featuredmedia":[{"embeddable":true,"href":"https:\/\/zonalimitrofe-cbnr.com\/index.php\/wp-json\/wp\/v2\/media\/15313"}],"wp:attachment":[{"href":"https:\/\/zonalimitrofe-cbnr.com\/index.php\/wp-json\/wp\/v2\/media?parent=15312"}],"wp:term":[{"taxonomy":"category","embeddable":true,"href":"https:\/\/zonalimitrofe-cbnr.com\/index.php\/wp-json\/wp\/v2\/categories?post=15312"},{"taxonomy":"post_tag","embeddable":true,"href":"https:\/\/zonalimitrofe-cbnr.com\/index.php\/wp-json\/wp\/v2\/tags?post=15312"}],"curies":[{"name":"wp","href":"https:\/\/api.w.org\/{rel}","templated":true}]}}