{"id":15303,"date":"2025-01-25T14:39:52","date_gmt":"2025-01-25T20:39:52","guid":{"rendered":"https:\/\/zonalimitrofe-cbnr.com\/?p=15303"},"modified":"2025-01-25T14:39:52","modified_gmt":"2025-01-25T20:39:52","slug":"coahuila-escuela-del-sarape-la-favorita-un-espacio-unico-para-la-preservacion-de-nuestro-patrimonio-cultural","status":"publish","type":"post","link":"https:\/\/zonalimitrofe-cbnr.com\/index.php\/2025\/01\/25\/coahuila-escuela-del-sarape-la-favorita-un-espacio-unico-para-la-preservacion-de-nuestro-patrimonio-cultural\/","title":{"rendered":"#Coahuila. ESCUELA DEL SARAPE \u2018LA FAVORITA\u2019, UN ESPACIO \u00daNICO PARA LA PRESERVACI\u00d3N DE NUESTRO PATRIMONIO CULTURAL"},"content":{"rendered":"\n<ul>\n<li>Ha sido reconocida a nivel nacional por ser \u00fanica en su especialidad.<\/li>\n\n\n\n<li>Maestros saltillenses llegar\u00e1n al International Folk Art Market, en Estados Unidos.<\/li>\n<\/ul>\n\n\n\n<p>Saltillo, Coahuila de Zaragoza; a 23 de enero de 2025.- Una de las piezas m\u00e1s representativas e ic\u00f3nicas a nivel textil de nuestro pa\u00eds es, sin duda alguna, el \u201cSarape de Saltillo\u201d, el cual ha sido declarado como parte del patrimonio cultural de M\u00e9xico, pues su particular dise\u00f1o ha dado la vuelta al mundo en manos de diversas personalidades.<\/p>\n\n\n\n<p>Cantantes, boxeadores, pol\u00edticos y famosos han hecho de esta prenda un \u00edcono nacional al presentarse en diversos escenarios.<\/p>\n\n\n\n<p>En Coahuila estamos orgullosos de nuestros artesanos, que de generaci\u00f3n en generaci\u00f3n han ido preservando las t\u00e9cnicas tradicionales para su elaboraci\u00f3n, contando con el apoyo de una instituci\u00f3n educativa \u00fanica en el pa\u00eds: la Escuela del Sarape \u201cLa Favorita\u201d.<\/p>\n\n\n\n<p>Esta escuela nace hace 15 a\u00f1os con el objetivo de recuperar y preservar las t\u00e9cnicas tradicionales de tejido del Sarape de Saltillo y transmitir y difundir la cultura de conservaci\u00f3n e innovaci\u00f3n de esta pieza; de ella han egresado 18 generaciones y 51 Maestros obrajeros certificados.<\/p>\n\n\n\n<p>\u201cEs muy importante preservar nuestro patrimonio inmaterial, en este caso las t\u00e9cnicas de elaboraci\u00f3n del Sarape de Saltillo, as\u00ed como las t\u00e9cnicas artesanales de tintoreo y uso de telares\u201d, dijo la secretaria de cultura Esther Quintana Salinas<\/p>\n\n\n\n<p>El Gobierno del Estado de Coahuila se ha dado a la tarea de preservar este objeto art\u00edstico, as\u00ed como de rescatar las t\u00e9cnicas ancestrales de su elaboraci\u00f3n y capacitar a nuevos y j\u00f3venes tejedores, ya que en ella se investigan y se utilizan diferentes productos naturales de la regi\u00f3n para el te\u00f1ido de estos textiles.<\/p>\n\n\n\n<p>De esta manera se reducen costos y se protege el medio ambiente, pues se evita el uso de productos qu\u00edmicos. \u201cEn esta instituci\u00f3n aspiramos a elevar la calidad de nuestra ense\u00f1anza y formar no s\u00f3lo t\u00e9cnicos, sino tejedores comprometidos y conocedores de lo que implica para la identidad saltillense este quehacer tan entra\u00f1able\u201d, manifest\u00f3 su director Francisco Javier Reyes.<\/p>\n\n\n\n<p>Inscripciones abiertas<\/p>\n\n\n\n<p>Esta instituci\u00f3n educativa ofrece la carrera t\u00e9cnica de Maestro Obrajero Tejedor de Sarapes, con validez de estudios oficial, considerada como formaci\u00f3n media superior y formaci\u00f3n para el trabajo.<\/p>\n\n\n\n<p>Fomenta la conservaci\u00f3n de las t\u00e9cnicas y materiales para la elaboraci\u00f3n del tradicional \u201cSarape de Saltillo\u201d, y ha sido reconocida en diversas ocasiones por su labor en la preservaci\u00f3n del Patrimonio Cultural coahuilense.<\/p>\n\n\n\n<p>La duraci\u00f3n de la carrera t\u00e9cnica es de dos a\u00f1os, en cuatro per\u00edodos semestrales, con horarios de lunes a viernes de 10:00 a 13:00 horas, o de 15:00 a 18:00 horas. La edad m\u00ednima para ingresar es de 16 a\u00f1os. La educaci\u00f3n es personalizada e impartida por expertos en la materia, los alumnos podr\u00e1n conocer las t\u00e9cnicas tradicionales en tejido fino Saltillo y tintoreo con productos naturales.<\/p>\n\n\n\n<p>Para inscripciones y mayores informes los interesados pueden acudir a calle Sim\u00f3n Bol\u00edvar #608 esquina con Guerrero, Zona Centro. Tel\u00e9fono: (844) 410 2331.<\/p>\n\n\n\n<p>La instituci\u00f3n recibe visitantes que pueden observar el trabajo de los maestros obrajeros realizando esta pieza emblem\u00e1tica, no s\u00f3lo de Coahuila, sino del pa\u00eds.<\/p>\n\n\n\n<p>Textiles de Saltillo llegar\u00e1n al International Folk Art Market en Estados Unidos<\/p>\n\n\n\n<p>Las piezas que formar\u00e1n parte de esta feria son creaciones de nuestros expertos tejedores. Cabe subrayar que este evento re\u00fane a los m\u00e1s destacados artesanos a nivel mundial.<\/p>\n\n\n\n<p>Ser\u00e1 el pr\u00f3ximo mes de julio cuando tenga lugar esta exhibici\u00f3n en Santa Fe, Nuevo M\u00e9xico. A ella han sido invitados los maestros Juan Rub\u00e9n Tamayo S\u00e1nchez y Francisco Javier Reyes.<\/p>\n\n\n\n<p>Ser\u00e1 un encuentro muy completo en el que participar\u00e1n en conferencias, conversatorios, mesas redondas y exposiciones del arte textil coahuilense.<\/p>\n\n\n\n<p>Juan Rub\u00e9n Tamayo destac\u00f3 que \u201cformar parte de esta feria de arte popular representa uno de sus m\u00e1ximos logros como Maestro Artesano, ya que ingresar es todo un desaf\u00edo que demanda varias etapas de evaluaci\u00f3n, que garantizan la calidad de las obras\u201d.<\/p>\n\n\n\n<p>La feria<\/p>\n\n\n\n<p>La IFAM inici\u00f3 en 2004 como un proyecto cuyo objetivo es generar oportunidades econ\u00f3micas para los creadores de arte popular alrededor del planeta, a trav\u00e9s de preservar las tradiciones y la identidad de los pueblos originarios.<\/p>\n\n\n\n<p>Para esta edici\u00f3n de 2025 participar\u00e1n artesanos de los cinco continentes, de pa\u00edses como Etiop\u00eda, Indonesia, Kirguist\u00e1n, Malasia, Namibia, Ucrania, Tanzania, M\u00e9xico, Per\u00fa entre otras decenas m\u00e1s; de tal manera que reunir\u00e1 una extensa gama de artesan\u00edas de las m\u00e1s variadas formas, colores y materiales.<\/p>\n","protected":false},"excerpt":{"rendered":"<p>Saltillo, Coahuila de Zaragoza; a 23 de enero de 2025.- Una de las piezas m\u00e1s representativas e ic\u00f3nicas a nivel textil de nuestro pa\u00eds es, sin duda alguna, el \u201cSarape de Saltillo\u201d, el cual ha sido declarado como parte del patrimonio cultural de M\u00e9xico, pues su particular dise\u00f1o ha dado la vuelta al mundo en [&hellip;]<\/p>\n","protected":false},"author":1,"featured_media":15304,"comment_status":"open","ping_status":"open","sticky":false,"template":"","format":"standard","meta":{"_monsterinsights_skip_tracking":false,"_monsterinsights_sitenote_active":false,"_monsterinsights_sitenote_note":"","_monsterinsights_sitenote_category":0,"footnotes":""},"categories":[1],"tags":[],"_links":{"self":[{"href":"https:\/\/zonalimitrofe-cbnr.com\/index.php\/wp-json\/wp\/v2\/posts\/15303"}],"collection":[{"href":"https:\/\/zonalimitrofe-cbnr.com\/index.php\/wp-json\/wp\/v2\/posts"}],"about":[{"href":"https:\/\/zonalimitrofe-cbnr.com\/index.php\/wp-json\/wp\/v2\/types\/post"}],"author":[{"embeddable":true,"href":"https:\/\/zonalimitrofe-cbnr.com\/index.php\/wp-json\/wp\/v2\/users\/1"}],"replies":[{"embeddable":true,"href":"https:\/\/zonalimitrofe-cbnr.com\/index.php\/wp-json\/wp\/v2\/comments?post=15303"}],"version-history":[{"count":1,"href":"https:\/\/zonalimitrofe-cbnr.com\/index.php\/wp-json\/wp\/v2\/posts\/15303\/revisions"}],"predecessor-version":[{"id":15305,"href":"https:\/\/zonalimitrofe-cbnr.com\/index.php\/wp-json\/wp\/v2\/posts\/15303\/revisions\/15305"}],"wp:featuredmedia":[{"embeddable":true,"href":"https:\/\/zonalimitrofe-cbnr.com\/index.php\/wp-json\/wp\/v2\/media\/15304"}],"wp:attachment":[{"href":"https:\/\/zonalimitrofe-cbnr.com\/index.php\/wp-json\/wp\/v2\/media?parent=15303"}],"wp:term":[{"taxonomy":"category","embeddable":true,"href":"https:\/\/zonalimitrofe-cbnr.com\/index.php\/wp-json\/wp\/v2\/categories?post=15303"},{"taxonomy":"post_tag","embeddable":true,"href":"https:\/\/zonalimitrofe-cbnr.com\/index.php\/wp-json\/wp\/v2\/tags?post=15303"}],"curies":[{"name":"wp","href":"https:\/\/api.w.org\/{rel}","templated":true}]}}