{"id":15297,"date":"2025-01-25T14:33:02","date_gmt":"2025-01-25T20:33:02","guid":{"rendered":"https:\/\/zonalimitrofe-cbnr.com\/?p=15297"},"modified":"2025-01-25T14:33:02","modified_gmt":"2025-01-25T20:33:02","slug":"torreon-invitan-a-la-primera-edicion-del-paseo-colon-este-domingo","status":"publish","type":"post","link":"https:\/\/zonalimitrofe-cbnr.com\/index.php\/2025\/01\/25\/torreon-invitan-a-la-primera-edicion-del-paseo-colon-este-domingo\/","title":{"rendered":"#Torre\u00f3n. Invitan a la primera edici\u00f3n del Paseo Col\u00f3n este domingo"},"content":{"rendered":"\n<p>Torre\u00f3n, Coahuila. A 25 de enero de 2025<\/p>\n\n\n\n<p>Ma\u00f1ana domingo se llevar\u00e1 a cabo la primera edici\u00f3n del Paseo Col\u00f3n, a partir de las 08:00 horas. El programa municipal se ha consolidado como una tradici\u00f3n para las familias torreonenses que disfrutan de la oferta gastronom\u00eda, cultural, de artesan\u00edas y espect\u00e1culos que se preparan.<\/p>\n\n\n\n<p>Este corredor contar\u00e1 con la participaci\u00f3n del Grupo Violeta, la presentaci\u00f3n de la Banda Municipal, y para los menores, el show infantil \u201cSonic\u201d, a cargo del grupo Happy Party en el escenario principal, de 10:00 a 13:00 horas.<\/p>\n\n\n\n<p>La directora del Paseo Col\u00f3n y Centros Comunitarios de la Direcci\u00f3n de Desarrollo Social, Ana del Toro Mu\u00f1oz, extendi\u00f3 una invitaci\u00f3n a la ciudadan\u00eda para acudir a este evento que busca fortalecer la convivencia, los lazos comunitarios y promover el consumo local.<\/p>\n\n\n\n<p>&#8220;Es una excelente oportunidad para pasar un d\u00eda diferente, apoyando a los emprendedores locales y disfrutando de una variedad de actividades culturales y recreativas&#8221;, coment\u00f3 la funcionaria.<\/p>\n\n\n\n<p>Indic\u00f3 que este a\u00f1o el Paseo Col\u00f3n contar\u00e1 nuevamente con la participaci\u00f3n activa de diversas dependencias municipales, que se instalar\u00e1n a lo largo de la avenida Col\u00f3n.<\/p>\n\n\n\n<p>Del Toro Mu\u00f1oz dijo que adem\u00e1s de los stands y los productos de los comerciantes locales, el evento incluir\u00e1 una serie de espect\u00e1culos en vivo con m\u00fasica, danza, teatro y otras expresiones art\u00edsticas que enriquecer\u00e1n la experiencia del paseo.<\/p>\n\n\n\n<p>Resalt\u00f3 que uno de los objetivos de este corredor es promover la interacci\u00f3n entre los ciudadanos y sus tradiciones, fomentando un espacio donde tanto ni\u00f1os, j\u00f3venes y adultos puedan compartir, aprender y disfrutar de las actividades.<\/p>\n\n\n\n<p>Dio a conocer que este programa es un espacio que la Administraci\u00f3n Municipal del alcalde Rom\u00e1n Alberto Cepeda Gonz\u00e1lez, ofrece para fortalecer la convivencia familiar en un ambiente sano, y adem\u00e1s contribuir al desarrollo econ\u00f3mico y social de la ciudad.<\/p>\n","protected":false},"excerpt":{"rendered":"<p>Torre\u00f3n, Coahuila. A 25 de enero de 2025 Ma\u00f1ana domingo se llevar\u00e1 a cabo la primera edici\u00f3n del Paseo Col\u00f3n, a partir de las 08:00 horas. El programa municipal se ha consolidado como una tradici\u00f3n para las familias torreonenses que disfrutan de la oferta gastronom\u00eda, cultural, de artesan\u00edas y espect\u00e1culos que se preparan. Este corredor [&hellip;]<\/p>\n","protected":false},"author":1,"featured_media":15298,"comment_status":"open","ping_status":"open","sticky":false,"template":"","format":"standard","meta":{"_monsterinsights_skip_tracking":false,"_monsterinsights_sitenote_active":false,"_monsterinsights_sitenote_note":"","_monsterinsights_sitenote_category":0,"footnotes":""},"categories":[1],"tags":[],"_links":{"self":[{"href":"https:\/\/zonalimitrofe-cbnr.com\/index.php\/wp-json\/wp\/v2\/posts\/15297"}],"collection":[{"href":"https:\/\/zonalimitrofe-cbnr.com\/index.php\/wp-json\/wp\/v2\/posts"}],"about":[{"href":"https:\/\/zonalimitrofe-cbnr.com\/index.php\/wp-json\/wp\/v2\/types\/post"}],"author":[{"embeddable":true,"href":"https:\/\/zonalimitrofe-cbnr.com\/index.php\/wp-json\/wp\/v2\/users\/1"}],"replies":[{"embeddable":true,"href":"https:\/\/zonalimitrofe-cbnr.com\/index.php\/wp-json\/wp\/v2\/comments?post=15297"}],"version-history":[{"count":1,"href":"https:\/\/zonalimitrofe-cbnr.com\/index.php\/wp-json\/wp\/v2\/posts\/15297\/revisions"}],"predecessor-version":[{"id":15299,"href":"https:\/\/zonalimitrofe-cbnr.com\/index.php\/wp-json\/wp\/v2\/posts\/15297\/revisions\/15299"}],"wp:featuredmedia":[{"embeddable":true,"href":"https:\/\/zonalimitrofe-cbnr.com\/index.php\/wp-json\/wp\/v2\/media\/15298"}],"wp:attachment":[{"href":"https:\/\/zonalimitrofe-cbnr.com\/index.php\/wp-json\/wp\/v2\/media?parent=15297"}],"wp:term":[{"taxonomy":"category","embeddable":true,"href":"https:\/\/zonalimitrofe-cbnr.com\/index.php\/wp-json\/wp\/v2\/categories?post=15297"},{"taxonomy":"post_tag","embeddable":true,"href":"https:\/\/zonalimitrofe-cbnr.com\/index.php\/wp-json\/wp\/v2\/tags?post=15297"}],"curies":[{"name":"wp","href":"https:\/\/api.w.org\/{rel}","templated":true}]}}