{"id":15294,"date":"2025-01-25T14:30:19","date_gmt":"2025-01-25T20:30:19","guid":{"rendered":"https:\/\/zonalimitrofe-cbnr.com\/?p=15294"},"modified":"2025-01-25T14:30:19","modified_gmt":"2025-01-25T20:30:19","slug":"lerdo-retoman-talleres-sectoriales-para-actualizacion-del-poet-lerdo","status":"publish","type":"post","link":"https:\/\/zonalimitrofe-cbnr.com\/index.php\/2025\/01\/25\/lerdo-retoman-talleres-sectoriales-para-actualizacion-del-poet-lerdo\/","title":{"rendered":"#Lerdo. RETOMAN TALLERES SECTORIALES PARA ACTUALIZACI\u00d3N DEL POET LERDO*"},"content":{"rendered":"\n<p>Lerdo, 25 de enero 2025.- Esta semana, se dio inicio a los primeros talleres sectoriales del a\u00f1o en relaci\u00f3n a la actualizaci\u00f3n del Programa de Ordenamiento Ecol\u00f3gico Territorial (POET) en el Municipio de Lerdo, en el CRECO, al interior del parque \u201cLas Auras\u201d, as\u00ed lo dio a conocer el director de Medio Ambiente y Ecolog\u00eda, Ricardo D\u00edaz Segovia.<\/p>\n\n\n\n<p>Durante los d\u00edas martes 21 y mi\u00e9rcoles 22 de enero, se abord\u00f3 el tema de la validaci\u00f3n de los mapas de aptitud, en los talleres. Ah\u00ed, el secretario del Ayuntamiento, Jes\u00fas Eduardo Lara Urby, asisti\u00f3 en representaci\u00f3n del Presidente Municipal Homero Mart\u00ednez Cabrera.<\/p>\n\n\n\n<p>Ricardo D\u00edaz Segovia record\u00f3 que el a\u00f1o pasado, el Alcalde Homero Mart\u00ednez encabez\u00f3 la reuni\u00f3n, que se desarroll\u00f3 en la Unidad Administrativa de San Isidro, para abordar temas referentes al POET, donde los funcionarios respondieron un formulario para determinar la importancia de las problem\u00e1ticas identificadas en el taller de agenda ambiental, mismo que permite priorizar los temas que se detectaron dentro de los talleres sectoriales y dar soluciones dentro del POET.<\/p>\n\n\n\n<p>El funcionario destac\u00f3 que, gracias al compromiso y la colaboraci\u00f3n entre las diferentes instancias gubernamentales, acad\u00e9micas y sociales, se trabaja en el desarrollo y fortalecimiento del ordenamiento ecol\u00f3gico municipal en beneficio de sus habitantes y del medio ambiente.<\/p>\n","protected":false},"excerpt":{"rendered":"<p>Lerdo, 25 de enero 2025.- Esta semana, se dio inicio a los primeros talleres sectoriales del a\u00f1o en relaci\u00f3n a la actualizaci\u00f3n del Programa de Ordenamiento Ecol\u00f3gico Territorial (POET) en el Municipio de Lerdo, en el CRECO, al interior del parque \u201cLas Auras\u201d, as\u00ed lo dio a conocer el director de Medio Ambiente y Ecolog\u00eda, [&hellip;]<\/p>\n","protected":false},"author":1,"featured_media":15295,"comment_status":"open","ping_status":"open","sticky":false,"template":"","format":"standard","meta":{"_monsterinsights_skip_tracking":false,"_monsterinsights_sitenote_active":false,"_monsterinsights_sitenote_note":"","_monsterinsights_sitenote_category":0,"footnotes":""},"categories":[1],"tags":[],"_links":{"self":[{"href":"https:\/\/zonalimitrofe-cbnr.com\/index.php\/wp-json\/wp\/v2\/posts\/15294"}],"collection":[{"href":"https:\/\/zonalimitrofe-cbnr.com\/index.php\/wp-json\/wp\/v2\/posts"}],"about":[{"href":"https:\/\/zonalimitrofe-cbnr.com\/index.php\/wp-json\/wp\/v2\/types\/post"}],"author":[{"embeddable":true,"href":"https:\/\/zonalimitrofe-cbnr.com\/index.php\/wp-json\/wp\/v2\/users\/1"}],"replies":[{"embeddable":true,"href":"https:\/\/zonalimitrofe-cbnr.com\/index.php\/wp-json\/wp\/v2\/comments?post=15294"}],"version-history":[{"count":1,"href":"https:\/\/zonalimitrofe-cbnr.com\/index.php\/wp-json\/wp\/v2\/posts\/15294\/revisions"}],"predecessor-version":[{"id":15296,"href":"https:\/\/zonalimitrofe-cbnr.com\/index.php\/wp-json\/wp\/v2\/posts\/15294\/revisions\/15296"}],"wp:featuredmedia":[{"embeddable":true,"href":"https:\/\/zonalimitrofe-cbnr.com\/index.php\/wp-json\/wp\/v2\/media\/15295"}],"wp:attachment":[{"href":"https:\/\/zonalimitrofe-cbnr.com\/index.php\/wp-json\/wp\/v2\/media?parent=15294"}],"wp:term":[{"taxonomy":"category","embeddable":true,"href":"https:\/\/zonalimitrofe-cbnr.com\/index.php\/wp-json\/wp\/v2\/categories?post=15294"},{"taxonomy":"post_tag","embeddable":true,"href":"https:\/\/zonalimitrofe-cbnr.com\/index.php\/wp-json\/wp\/v2\/tags?post=15294"}],"curies":[{"name":"wp","href":"https:\/\/api.w.org\/{rel}","templated":true}]}}