{"id":15279,"date":"2025-01-24T17:19:05","date_gmt":"2025-01-24T23:19:05","guid":{"rendered":"https:\/\/zonalimitrofe-cbnr.com\/?p=15279"},"modified":"2025-01-24T17:19:06","modified_gmt":"2025-01-24T23:19:06","slug":"lerdo-instituto-de-discapacidad-firma-convenio-con-issste-para-impartir-platicas","status":"publish","type":"post","link":"https:\/\/zonalimitrofe-cbnr.com\/index.php\/2025\/01\/24\/lerdo-instituto-de-discapacidad-firma-convenio-con-issste-para-impartir-platicas\/","title":{"rendered":"#Lerdo. INSTITUTO DE DISCAPACIDAD FIRMA CONVENIO CON ISSSTE PARA IMPARTIR PL\u00c1TICAS*"},"content":{"rendered":"\n<p>Lerdo, 24 de enero 2025.- La titular del Instituto Municipal para las Personas con Discapacidad en Lerdo, Karimme Lizeth Carldera Cer\u00f3n, firm\u00f3 un convenio con el Dr. Jes\u00fas Salvador Zirate del Instituto de Seguridad y Servicios Sociales de los Trabajadores del Estado (ISSSTE), para realizar coordinadamente diferentes actividades en beneficio de las familias lerdenses con personas con discapacidad.<\/p>\n\n\n\n<p>La directora del Instituto para las Personas con Discapacidad, dio a conocer que por instrucci\u00f3n del Presidente Municipal Homero Mart\u00ednez Cabrera, se llevan a cabo apoyos, se refuerzan actividades, se crean programas y se mantiene acercamiento con la ciudadan\u00eda para promover una sociedad incluyente.<\/p>\n\n\n\n<p>Es por ello, que este viernes, la funcionara Karimme Caldera dio a conocer que, junto al ISSSTE, se desarrollar\u00e1n ferias de la salud, para presentar sketches e impartir pl\u00e1ticas para el cuidado de personas con discapacidad mediante la estrategia ECOS del \u00e1rea INCLUISSSTE, dirigidas tanto para el sector estudiantil y docente, como para madres y padres de familia que atienden a un ni\u00f1o con alguna discapacidad.<\/p>\n\n\n\n<p>Adem\u00e1s, se pretende acercar los servicios de atenci\u00f3n m\u00e9dica y psicol\u00f3gica, vacunaci\u00f3n para completar esquemas, as\u00ed como vacunas contra el VPH, COVID, influenza, y neumococo.<\/p>\n\n\n\n<p>Aunado a lo anterior, el Instituto para las Personas de Discapacidad impartir\u00e1 conferencias dirigidas al personal del hospital, en temas relacionados al Trastorno del Espectro Autista (TEA).<\/p>\n\n\n\n<p>La directora de la dependencia municipal, Karimme Caldera, reiter\u00f3 que el Alcalde Homero Mart\u00ednez Cabrera es el m\u00e1s interesado en brindar una mayor atenci\u00f3n a las personas con capacidades diferentes y sus familias para impulsar su desarrollo, crecimiento y mejorar su calidad de vida.<\/p>\n","protected":false},"excerpt":{"rendered":"<p>Lerdo, 24 de enero 2025.- La titular del Instituto Municipal para las Personas con Discapacidad en Lerdo, Karimme Lizeth Carldera Cer\u00f3n, firm\u00f3 un convenio con el Dr. Jes\u00fas Salvador Zirate del Instituto de Seguridad y Servicios Sociales de los Trabajadores del Estado (ISSSTE), para realizar coordinadamente diferentes actividades en beneficio de las familias lerdenses con [&hellip;]<\/p>\n","protected":false},"author":1,"featured_media":15280,"comment_status":"open","ping_status":"open","sticky":false,"template":"","format":"standard","meta":{"_monsterinsights_skip_tracking":false,"_monsterinsights_sitenote_active":false,"_monsterinsights_sitenote_note":"","_monsterinsights_sitenote_category":0,"footnotes":""},"categories":[1],"tags":[],"_links":{"self":[{"href":"https:\/\/zonalimitrofe-cbnr.com\/index.php\/wp-json\/wp\/v2\/posts\/15279"}],"collection":[{"href":"https:\/\/zonalimitrofe-cbnr.com\/index.php\/wp-json\/wp\/v2\/posts"}],"about":[{"href":"https:\/\/zonalimitrofe-cbnr.com\/index.php\/wp-json\/wp\/v2\/types\/post"}],"author":[{"embeddable":true,"href":"https:\/\/zonalimitrofe-cbnr.com\/index.php\/wp-json\/wp\/v2\/users\/1"}],"replies":[{"embeddable":true,"href":"https:\/\/zonalimitrofe-cbnr.com\/index.php\/wp-json\/wp\/v2\/comments?post=15279"}],"version-history":[{"count":1,"href":"https:\/\/zonalimitrofe-cbnr.com\/index.php\/wp-json\/wp\/v2\/posts\/15279\/revisions"}],"predecessor-version":[{"id":15281,"href":"https:\/\/zonalimitrofe-cbnr.com\/index.php\/wp-json\/wp\/v2\/posts\/15279\/revisions\/15281"}],"wp:featuredmedia":[{"embeddable":true,"href":"https:\/\/zonalimitrofe-cbnr.com\/index.php\/wp-json\/wp\/v2\/media\/15280"}],"wp:attachment":[{"href":"https:\/\/zonalimitrofe-cbnr.com\/index.php\/wp-json\/wp\/v2\/media?parent=15279"}],"wp:term":[{"taxonomy":"category","embeddable":true,"href":"https:\/\/zonalimitrofe-cbnr.com\/index.php\/wp-json\/wp\/v2\/categories?post=15279"},{"taxonomy":"post_tag","embeddable":true,"href":"https:\/\/zonalimitrofe-cbnr.com\/index.php\/wp-json\/wp\/v2\/tags?post=15279"}],"curies":[{"name":"wp","href":"https:\/\/api.w.org\/{rel}","templated":true}]}}